{"id":231,"date":"2022-10-19T07:50:41","date_gmt":"2022-10-19T10:50:41","guid":{"rendered":"https:\/\/pos-graduacao.uepb.edu.br\/profei\/?p=231"},"modified":"2022-10-19T08:05:11","modified_gmt":"2022-10-19T11:05:11","slug":"convocacao-para-realizacao-da-matricula-profei-2022","status":"publish","type":"post","link":"https:\/\/pos-graduacao.uepb.edu.br\/profei\/2022\/10\/19\/convocacao-para-realizacao-da-matricula-profei-2022\/","title":{"rendered":"CONVOCA\u00c7\u00c3O PARA REALIZA\u00c7\u00c3O DA MATR\u00cdCULA-PROFEI 2022"},"content":{"rendered":"<p>O Programa de P\u00f3s-Gradua\u00e7\u00e3o em Mestrado Profissional em Educa\u00e7\u00e3o Inclusiva DIVULGA o EDITAL DE CONVOCA\u00c7\u00c3O para a realiza\u00e7\u00e3o das matr\u00edculas. O per\u00edodo de matr\u00edculas ser\u00e1 entre <strong>19 e 24 de outubro de 2022<\/strong>. Todos os documentos dever\u00e3o ser encaminhados para o e-mail do PROFEI-UEPB Campus de Campina Grande-PB (profei@setor.uepb.edu.br).<\/p>\n<p><a href=\"https:\/\/pos-graduacao.uepb.edu.br\/profei\/files\/2022\/10\/EDITAL-DE-CONVOCACAO-No-01.2022-PROFEI-UEPB.pdf\">EDITAL DE CONVOCA\u00c7\u00c3O N\u00ba 01.2022 PROFEI-UEPB<\/a><\/p>\n<p><a href=\"https:\/\/pos-graduacao.uepb.edu.br\/profei\/files\/2022\/10\/FORMULARIO-Cadastro-de-Aluno.docx\">FORMUL\u00c1RIO &#8211; Cadastro de Aluno<\/a><\/p>\n<p>&nbsp;<\/p>\n","protected":false},"excerpt":{"rendered":"<p>O Programa de P\u00f3s-Gradua\u00e7\u00e3o em Mestrado Profissional em Educa\u00e7\u00e3o Inclusiva DIVULGA o EDITAL DE CONVOCA\u00c7\u00c3O para a realiza\u00e7\u00e3o das matr\u00edculas. O per\u00edodo de matr\u00edculas ser\u00e1 entre 19 e 24 de outubro de 2022. Todos os documentos dever\u00e3o ser encaminhados para o e-mail do PROFEI-UEPB Campus de Campina Grande-PB (profei@setor.uepb.edu.br). EDITAL DE CONVOCA\u00c7\u00c3O N\u00ba 01.2022 PROFEI-UEPB <a class=\"leiamais\" href=\"https:\/\/pos-graduacao.uepb.edu.br\/profei\/2022\/10\/19\/convocacao-para-realizacao-da-matricula-profei-2022\/\">Leia Mais&#8230;<\/a><\/p>\n","protected":false},"author":66,"featured_media":0,"comment_status":"open","ping_status":"open","sticky":false,"template":"","format":"standard","meta":{"footnotes":""},"categories":[3],"tags":[],"class_list":["post-231","post","type-post","status-publish","format-standard","hentry","category-noticias"],"_links":{"self":[{"href":"https:\/\/pos-graduacao.uepb.edu.br\/profei\/wp-json\/wp\/v2\/posts\/231","targetHints":{"allow":["GET"]}}],"collection":[{"href":"https:\/\/pos-graduacao.uepb.edu.br\/profei\/wp-json\/wp\/v2\/posts"}],"about":[{"href":"https:\/\/pos-graduacao.uepb.edu.br\/profei\/wp-json\/wp\/v2\/types\/post"}],"author":[{"embeddable":true,"href":"https:\/\/pos-graduacao.uepb.edu.br\/profei\/wp-json\/wp\/v2\/users\/66"}],"replies":[{"embeddable":true,"href":"https:\/\/pos-graduacao.uepb.edu.br\/profei\/wp-json\/wp\/v2\/comments?post=231"}],"version-history":[{"count":2,"href":"https:\/\/pos-graduacao.uepb.edu.br\/profei\/wp-json\/wp\/v2\/posts\/231\/revisions"}],"predecessor-version":[{"id":236,"href":"https:\/\/pos-graduacao.uepb.edu.br\/profei\/wp-json\/wp\/v2\/posts\/231\/revisions\/236"}],"wp:attachment":[{"href":"https:\/\/pos-graduacao.uepb.edu.br\/profei\/wp-json\/wp\/v2\/media?parent=231"}],"wp:term":[{"taxonomy":"category","embeddable":true,"href":"https:\/\/pos-graduacao.uepb.edu.br\/profei\/wp-json\/wp\/v2\/categories?post=231"},{"taxonomy":"post_tag","embeddable":true,"href":"https:\/\/pos-graduacao.uepb.edu.br\/profei\/wp-json\/wp\/v2\/tags?post=231"}],"curies":[{"name":"wp","href":"https:\/\/api.w.org\/{rel}","templated":true}]}}