{"id":200,"date":"2022-09-24T17:23:02","date_gmt":"2022-09-24T20:23:02","guid":{"rendered":"https:\/\/pos-graduacao.uepb.edu.br\/profei\/?p=200"},"modified":"2022-10-17T11:10:52","modified_gmt":"2022-10-17T14:10:52","slug":"processo-seletivo-profei-uepb-2022-edital-07-2022","status":"publish","type":"post","link":"https:\/\/pos-graduacao.uepb.edu.br\/profei\/2022\/09\/24\/processo-seletivo-profei-uepb-2022-edital-07-2022\/","title":{"rendered":"Processo Seletivo PROFEI-UEPB 2022 &#8211; Edital 07\/2022 &#8211; CLASSIFICA\u00c7\u00c3O FINAL"},"content":{"rendered":"<p><strong>Edital Processo Seletivo para turma 2022 &#8211; Programa de Mestrado Profissional em Educa\u00e7\u00e3o Inclusiva &#8211; PROFEI<\/strong><\/p>\n<p><strong>Inscri\u00e7\u00f5es no site da UEMANET:\u00a0\u00a0<a href=\"https:\/\/seletivoprofei.uemanet.net\/\">https:\/\/seletivoprofei.uemanet.net<\/a><\/strong><\/p>\n<p><strong><a href=\"https:\/\/pos-graduacao.uepb.edu.br\/profei\/files\/2022\/08\/Edital-Processo-Seletivo-PROFEI-2022.pdf\">Edital Processo Seletivo PROFEI 2022<\/a><\/strong><\/p>\n<p><strong><a href=\"https:\/\/pos-graduacao.uepb.edu.br\/profei\/files\/2022\/08\/RETIFICACAO-NO-EDITAL-No-07-DE-2022.pdf\">RETIFICACAO NO EDITAL N\u00ba 07 DE 2022<\/a><\/strong><\/p>\n<p><strong><a href=\"https:\/\/pos-graduacao.uepb.edu.br\/profei\/files\/2022\/09\/Homologacao-Inscricao-07-2022.pdf\">Edital de homologa\u00e7\u00e3o das inscri\u00e7\u00f5es<\/a><\/strong><\/p>\n<p><strong><a href=\"https:\/\/pos-graduacao.uepb.edu.br\/profei\/files\/2022\/09\/Recurso_Homologacao_Inscricao.pdf\">Recurso Homologac\u00e3o Inscric\u00e3o<\/a><\/strong><\/p>\n<p><strong><a href=\"https:\/\/pos-graduacao.uepb.edu.br\/profei\/files\/2022\/09\/RESULTADO-DA-PRIMEIRA-ETAPA.pdf\">RESULTADO DA PRIMEIRA ETAPA<\/a><\/strong><\/p>\n<p><strong><a href=\"https:\/\/pos-graduacao.uepb.edu.br\/profei\/files\/2022\/09\/APROVADOS-PARA-A-SEGUNDA-ETAPA-\u2013-ANALISE-DE-PROJETOS.pdf\">APROVADOS PARA A SEGUNDA ETAPA \u2013 AN\u00c1LISE DE PROJETO<\/a><\/strong><\/p>\n<p><strong><a href=\"https:\/\/pos-graduacao.uepb.edu.br\/profei\/files\/2022\/09\/RESULTADO-DA-ANALISE-DOS-PROJETOS.pdf\">RESULTADO DA AN\u00c1LISE DE PROJETO<\/a><\/strong><\/p>\n<p><strong><a href=\"https:\/\/pos-graduacao.uepb.edu.br\/profei\/files\/2022\/09\/EDITAL-DE-CONVOCACAO-PARA-ENTREVISTA.pdf\">EDITAL DE CONVOCA\u00c7\u00c3O PARA ENTREVISTA<\/a><\/strong><\/p>\n<p><strong><a href=\"https:\/\/pos-graduacao.uepb.edu.br\/profei\/files\/2022\/09\/RESULTADO-DA-ENTREVISTA-E-CLASSIFICACAO-PREVIA.pdf\">RESULTADO DA ENTREVISTA E CLASSIFICA\u00c7\u00c3O PR\u00c9VIA<\/a><\/strong><\/p>\n<p><strong><a href=\"https:\/\/pos-graduacao.uepb.edu.br\/profei\/files\/2022\/09\/RESULTADO-DO-RECURSO-DA-NOTA-DA-ENTREVISTA-E-DA-CLASSIFICACAO-FINAL.pdf\">RESULTADO DO RECURSO DA NOTA DA ENTREVISTA E DA CLASSIFICA\u00c7\u00c3O FINAL<\/a><\/strong><\/p>\n","protected":false},"excerpt":{"rendered":"<p>Edital Processo Seletivo para turma 2022 &#8211; Programa de Mestrado Profissional em Educa\u00e7\u00e3o Inclusiva &#8211; PROFEI Inscri\u00e7\u00f5es no site da UEMANET:\u00a0\u00a0https:\/\/seletivoprofei.uemanet.net Edital Processo Seletivo PROFEI 2022 RETIFICACAO NO EDITAL N\u00ba 07 DE 2022 Edital de homologa\u00e7\u00e3o das inscri\u00e7\u00f5es Recurso Homologac\u00e3o Inscric\u00e3o RESULTADO DA PRIMEIRA ETAPA APROVADOS PARA A SEGUNDA ETAPA \u2013 AN\u00c1LISE DE PROJETO RESULTADO <a class=\"leiamais\" href=\"https:\/\/pos-graduacao.uepb.edu.br\/profei\/2022\/09\/24\/processo-seletivo-profei-uepb-2022-edital-07-2022\/\">Leia Mais&#8230;<\/a><\/p>\n","protected":false},"author":66,"featured_media":0,"comment_status":"open","ping_status":"open","sticky":false,"template":"","format":"standard","meta":{"footnotes":""},"categories":[3],"tags":[],"class_list":["post-200","post","type-post","status-publish","format-standard","hentry","category-noticias"],"_links":{"self":[{"href":"https:\/\/pos-graduacao.uepb.edu.br\/profei\/wp-json\/wp\/v2\/posts\/200","targetHints":{"allow":["GET"]}}],"collection":[{"href":"https:\/\/pos-graduacao.uepb.edu.br\/profei\/wp-json\/wp\/v2\/posts"}],"about":[{"href":"https:\/\/pos-graduacao.uepb.edu.br\/profei\/wp-json\/wp\/v2\/types\/post"}],"author":[{"embeddable":true,"href":"https:\/\/pos-graduacao.uepb.edu.br\/profei\/wp-json\/wp\/v2\/users\/66"}],"replies":[{"embeddable":true,"href":"https:\/\/pos-graduacao.uepb.edu.br\/profei\/wp-json\/wp\/v2\/comments?post=200"}],"version-history":[{"count":9,"href":"https:\/\/pos-graduacao.uepb.edu.br\/profei\/wp-json\/wp\/v2\/posts\/200\/revisions"}],"predecessor-version":[{"id":230,"href":"https:\/\/pos-graduacao.uepb.edu.br\/profei\/wp-json\/wp\/v2\/posts\/200\/revisions\/230"}],"wp:attachment":[{"href":"https:\/\/pos-graduacao.uepb.edu.br\/profei\/wp-json\/wp\/v2\/media?parent=200"}],"wp:term":[{"taxonomy":"category","embeddable":true,"href":"https:\/\/pos-graduacao.uepb.edu.br\/profei\/wp-json\/wp\/v2\/categories?post=200"},{"taxonomy":"post_tag","embeddable":true,"href":"https:\/\/pos-graduacao.uepb.edu.br\/profei\/wp-json\/wp\/v2\/tags?post=200"}],"curies":[{"name":"wp","href":"https:\/\/api.w.org\/{rel}","templated":true}]}}