{"id":149,"date":"2022-08-19T15:11:09","date_gmt":"2022-08-19T18:11:09","guid":{"rendered":"https:\/\/pos-graduacao.uepb.edu.br\/profei\/?p=149"},"modified":"2022-08-25T10:52:40","modified_gmt":"2022-08-25T13:52:40","slug":"profei-abre-processo-seletivo-com-vagas-para-o-curso-de-mestrado-em-educacao-inclusiva","status":"publish","type":"post","link":"https:\/\/pos-graduacao.uepb.edu.br\/profei\/2022\/08\/19\/profei-abre-processo-seletivo-com-vagas-para-o-curso-de-mestrado-em-educacao-inclusiva\/","title":{"rendered":"PROFEI abre processo seletivo com vagas para o curso de Mestrado em Educa\u00e7\u00e3o Inclusiva"},"content":{"rendered":"<p style=\"text-align: justify\"><span style=\"color: black\">O PROGRAMA DE P\u00d3S-GRADUA\u00c7\u00c3O EM EDUCA\u00c7\u00c3O INCLUSIVA &#8211; PROFEI &#8211; divulgou nesta sexta-feira (19) o edital com 104 vagas, em \u00e2mbito nacional, para o curso de Mestrado em Educa\u00e7\u00e3o Inclusiva. <\/span><\/p>\n<p style=\"text-align: justify\"><span style=\"color: black\">Poder\u00e3o inscrever-se para este Processo Seletivo somente profissionais da educa\u00e7\u00e3o, com diploma em licenciatura, concursados como professores efetivos de educa\u00e7\u00e3o b\u00e1sica em rede p\u00fablica municipal, estadual e federal de ensino e que estejam em efetivo exerc\u00edcio em sala de aula comum, ou no atendimento educacional especializado na modalidade de sala de recursos multifuncional ou ensino colaborativo, ou na itiner\u00e2ncia ou Centros de AEE ou de Educa\u00e7\u00e3o Especial que realizem interven\u00e7\u00f5es de apoio educacional especializado (atendimento direto com Estudante P\u00fablico Alvo da Educa\u00e7\u00e3o Especial).<\/span><\/p>\n<p style=\"text-align: justify\"><span style=\"color: black\">A inscri\u00e7\u00e3o dever\u00e1 ser efetuada no per\u00edodo de <b>22 de agosto de 2022 a 02 de setembro de 2022, das 8h30min \u00e0s 23h:59min (hor\u00e1rio de Bras\u00edlia), <\/b>conforme cronograma previsto exclusivamente pela internet no site <a href=\"https:\/\/seletivoprofei.uemanet.net\">https:\/\/seletivoprofei.uemanet.net<\/a>. <\/span><\/p>\n<p><strong><a href=\"https:\/\/pos-graduacao.uepb.edu.br\/profei\/files\/2022\/08\/Edital-Processo-Seletivo-PROFEI-2022.pdf\">EDITAL n\u00ba 07\/2022 &#8211; Processo Seletivo PROFEI 2022<\/a><\/strong><\/p>\n<p><strong><a href=\"https:\/\/pos-graduacao.uepb.edu.br\/profei\/files\/2022\/08\/RETIFICACAO-NO-EDITAL-No-07-DE-2022.pdf\">RETIFICACAO NO EDITAL N\u00ba 07\/2022<\/a><\/strong><\/p>\n","protected":false},"excerpt":{"rendered":"<p>O PROGRAMA DE P\u00d3S-GRADUA\u00c7\u00c3O EM EDUCA\u00c7\u00c3O INCLUSIVA &#8211; PROFEI &#8211; divulgou nesta sexta-feira (19) o edital com 104 vagas, em \u00e2mbito nacional, para o curso de Mestrado em Educa\u00e7\u00e3o Inclusiva. Poder\u00e3o inscrever-se para este Processo Seletivo somente profissionais da educa\u00e7\u00e3o, com diploma em licenciatura, concursados como professores efetivos de educa\u00e7\u00e3o b\u00e1sica em rede p\u00fablica municipal, <a class=\"leiamais\" href=\"https:\/\/pos-graduacao.uepb.edu.br\/profei\/2022\/08\/19\/profei-abre-processo-seletivo-com-vagas-para-o-curso-de-mestrado-em-educacao-inclusiva\/\">Leia Mais&#8230;<\/a><\/p>\n","protected":false},"author":66,"featured_media":0,"comment_status":"open","ping_status":"open","sticky":false,"template":"","format":"standard","meta":{"footnotes":""},"categories":[3],"tags":[],"class_list":["post-149","post","type-post","status-publish","format-standard","hentry","category-noticias"],"_links":{"self":[{"href":"https:\/\/pos-graduacao.uepb.edu.br\/profei\/wp-json\/wp\/v2\/posts\/149","targetHints":{"allow":["GET"]}}],"collection":[{"href":"https:\/\/pos-graduacao.uepb.edu.br\/profei\/wp-json\/wp\/v2\/posts"}],"about":[{"href":"https:\/\/pos-graduacao.uepb.edu.br\/profei\/wp-json\/wp\/v2\/types\/post"}],"author":[{"embeddable":true,"href":"https:\/\/pos-graduacao.uepb.edu.br\/profei\/wp-json\/wp\/v2\/users\/66"}],"replies":[{"embeddable":true,"href":"https:\/\/pos-graduacao.uepb.edu.br\/profei\/wp-json\/wp\/v2\/comments?post=149"}],"version-history":[{"count":13,"href":"https:\/\/pos-graduacao.uepb.edu.br\/profei\/wp-json\/wp\/v2\/posts\/149\/revisions"}],"predecessor-version":[{"id":169,"href":"https:\/\/pos-graduacao.uepb.edu.br\/profei\/wp-json\/wp\/v2\/posts\/149\/revisions\/169"}],"wp:attachment":[{"href":"https:\/\/pos-graduacao.uepb.edu.br\/profei\/wp-json\/wp\/v2\/media?parent=149"}],"wp:term":[{"taxonomy":"category","embeddable":true,"href":"https:\/\/pos-graduacao.uepb.edu.br\/profei\/wp-json\/wp\/v2\/categories?post=149"},{"taxonomy":"post_tag","embeddable":true,"href":"https:\/\/pos-graduacao.uepb.edu.br\/profei\/wp-json\/wp\/v2\/tags?post=149"}],"curies":[{"name":"wp","href":"https:\/\/api.w.org\/{rel}","templated":true}]}}