{"id":132,"date":"2022-08-16T15:42:54","date_gmt":"2022-08-16T18:42:54","guid":{"rendered":"https:\/\/pos-graduacao.uepb.edu.br\/profei\/?p=132"},"modified":"2022-08-23T22:23:13","modified_gmt":"2022-08-24T01:23:13","slug":"profei-divulga-a-abertura-do-edital-para-a-2a-turma-2022","status":"publish","type":"post","link":"https:\/\/pos-graduacao.uepb.edu.br\/profei\/2022\/08\/16\/profei-divulga-a-abertura-do-edital-para-a-2a-turma-2022\/","title":{"rendered":"PROFEI divulga a abertura do Edital para a 2\u00aa Turma 2022"},"content":{"rendered":"<p><img loading=\"lazy\" decoding=\"async\" class=\"aligncenter wp-image-157 size-large img-responsive\" src=\"https:\/\/pos-graduacao.uepb.edu.br\/profei\/files\/2022\/08\/profei_nacional-1024x961.jpg\" alt=\"\" width=\"1024\" height=\"961\" srcset=\"https:\/\/pos-graduacao.uepb.edu.br\/profei\/files\/2022\/08\/profei_nacional-1024x961.jpg 1024w, https:\/\/pos-graduacao.uepb.edu.br\/profei\/files\/2022\/08\/profei_nacional-300x281.jpg 300w, https:\/\/pos-graduacao.uepb.edu.br\/profei\/files\/2022\/08\/profei_nacional-768x720.jpg 768w, https:\/\/pos-graduacao.uepb.edu.br\/profei\/files\/2022\/08\/profei_nacional-1536x1441.jpg 1536w, https:\/\/pos-graduacao.uepb.edu.br\/profei\/files\/2022\/08\/profei_nacional-2048x1921.jpg 2048w, https:\/\/pos-graduacao.uepb.edu.br\/profei\/files\/2022\/08\/profei_nacional-370x347.jpg 370w, https:\/\/pos-graduacao.uepb.edu.br\/profei\/files\/2022\/08\/profei_nacional-840x788.jpg 840w\" sizes=\"auto, (max-width: 1024px) 100vw, 1024px\" \/><\/p>\n<p>O Programa de Mestrado Profissional em Educa\u00e7\u00e3o Inclusiva em Rede Nacional (PROFEI) divulgou nesta ter\u00e7a-feira (16) a abertura do Edital para a segunda turma de 2022. As inscri\u00e7\u00f5es ser\u00e3o realizadas entre os dias 22 de agosto a 02 de Setembro de 2022.<\/p>\n<p>As inscri\u00e7\u00f5es poder\u00e3o ser realizadas no endere\u00e7o<br \/>\n<a href=\"https:\/\/seletivoprofei.uemanet.net\">https:\/\/seletivoprofei.uemanet.net<\/a><\/p>\n","protected":false},"excerpt":{"rendered":"<p>O Programa de Mestrado Profissional em Educa\u00e7\u00e3o Inclusiva em Rede Nacional (PROFEI) divulgou nesta ter\u00e7a-feira (16) a abertura do Edital para a segunda turma de 2022. As inscri\u00e7\u00f5es ser\u00e3o realizadas entre os dias 22 de agosto a 02 de Setembro de 2022. As inscri\u00e7\u00f5es poder\u00e3o ser realizadas no endere\u00e7o https:\/\/seletivoprofei.uemanet.net<\/p>\n","protected":false},"author":66,"featured_media":0,"comment_status":"open","ping_status":"open","sticky":false,"template":"","format":"standard","meta":{"footnotes":""},"categories":[3],"tags":[],"class_list":["post-132","post","type-post","status-publish","format-standard","hentry","category-noticias"],"_links":{"self":[{"href":"https:\/\/pos-graduacao.uepb.edu.br\/profei\/wp-json\/wp\/v2\/posts\/132","targetHints":{"allow":["GET"]}}],"collection":[{"href":"https:\/\/pos-graduacao.uepb.edu.br\/profei\/wp-json\/wp\/v2\/posts"}],"about":[{"href":"https:\/\/pos-graduacao.uepb.edu.br\/profei\/wp-json\/wp\/v2\/types\/post"}],"author":[{"embeddable":true,"href":"https:\/\/pos-graduacao.uepb.edu.br\/profei\/wp-json\/wp\/v2\/users\/66"}],"replies":[{"embeddable":true,"href":"https:\/\/pos-graduacao.uepb.edu.br\/profei\/wp-json\/wp\/v2\/comments?post=132"}],"version-history":[{"count":8,"href":"https:\/\/pos-graduacao.uepb.edu.br\/profei\/wp-json\/wp\/v2\/posts\/132\/revisions"}],"predecessor-version":[{"id":158,"href":"https:\/\/pos-graduacao.uepb.edu.br\/profei\/wp-json\/wp\/v2\/posts\/132\/revisions\/158"}],"wp:attachment":[{"href":"https:\/\/pos-graduacao.uepb.edu.br\/profei\/wp-json\/wp\/v2\/media?parent=132"}],"wp:term":[{"taxonomy":"category","embeddable":true,"href":"https:\/\/pos-graduacao.uepb.edu.br\/profei\/wp-json\/wp\/v2\/categories?post=132"},{"taxonomy":"post_tag","embeddable":true,"href":"https:\/\/pos-graduacao.uepb.edu.br\/profei\/wp-json\/wp\/v2\/tags?post=132"}],"curies":[{"name":"wp","href":"https:\/\/api.w.org\/{rel}","templated":true}]}}