{"id":1125,"date":"2026-03-12T15:42:57","date_gmt":"2026-03-12T18:42:57","guid":{"rendered":"https:\/\/pos-graduacao.uepb.edu.br\/profei\/?p=1125"},"modified":"2026-03-30T16:38:33","modified_gmt":"2026-03-30T19:38:33","slug":"edital-de-selecao-de-bolsistas-2026-profei","status":"publish","type":"post","link":"https:\/\/pos-graduacao.uepb.edu.br\/profei\/2026\/03\/12\/edital-de-selecao-de-bolsistas-2026-profei\/","title":{"rendered":"Edital de Sele\u00e7\u00e3o de Bolsistas 2026 &#8211; PROFEI"},"content":{"rendered":"<p>A Coordena\u00e7\u00e3o do Programa de P\u00f3s-Gradua\u00e7\u00e3o em Educa\u00e7\u00e3o Inclusiva (PROFEI) torna p\u00fablico o Edital para concess\u00e3o de bolsas CAPES.<\/p>\n<p><a href=\"https:\/\/pos-graduacao.uepb.edu.br\/profei\/download\/edital-de-selecao-de-bolsistas-2026-profei-uepb\/\">Edital de Bolsas CAPES &#8211; 2026<\/a><\/p>\n<p><a href=\"https:\/\/pos-graduacao.uepb.edu.br\/profei\/download\/resultado-preliminar-bolsas-capes-2026\/\">Resultado Preliminar &#8211; Bolsas CAPES 2026<\/a><\/p>\n<p><a href=\"https:\/\/pos-graduacao.uepb.edu.br\/profei\/download\/resultado-final-processo-seletivo-bolsistas-capes\/\">Resultado Final &#8211; Bolsas CAPES 2026<\/a><\/p>\n<p>&nbsp;<\/p>\n<p>&nbsp;<\/p>\n","protected":false},"excerpt":{"rendered":"<p>A Coordena\u00e7\u00e3o do Programa de P\u00f3s-Gradua\u00e7\u00e3o em Educa\u00e7\u00e3o Inclusiva (PROFEI) torna p\u00fablico o Edital para concess\u00e3o de bolsas CAPES. Edital de Bolsas CAPES &#8211; 2026 Resultado Preliminar &#8211; Bolsas CAPES 2026 Resultado Final &#8211; Bolsas CAPES 2026 &nbsp; &nbsp;<\/p>\n","protected":false},"author":80,"featured_media":0,"comment_status":"open","ping_status":"open","sticky":false,"template":"","format":"standard","meta":{"footnotes":""},"categories":[3],"tags":[],"class_list":["post-1125","post","type-post","status-publish","format-standard","hentry","category-noticias"],"_links":{"self":[{"href":"https:\/\/pos-graduacao.uepb.edu.br\/profei\/wp-json\/wp\/v2\/posts\/1125","targetHints":{"allow":["GET"]}}],"collection":[{"href":"https:\/\/pos-graduacao.uepb.edu.br\/profei\/wp-json\/wp\/v2\/posts"}],"about":[{"href":"https:\/\/pos-graduacao.uepb.edu.br\/profei\/wp-json\/wp\/v2\/types\/post"}],"author":[{"embeddable":true,"href":"https:\/\/pos-graduacao.uepb.edu.br\/profei\/wp-json\/wp\/v2\/users\/80"}],"replies":[{"embeddable":true,"href":"https:\/\/pos-graduacao.uepb.edu.br\/profei\/wp-json\/wp\/v2\/comments?post=1125"}],"version-history":[{"count":12,"href":"https:\/\/pos-graduacao.uepb.edu.br\/profei\/wp-json\/wp\/v2\/posts\/1125\/revisions"}],"predecessor-version":[{"id":1256,"href":"https:\/\/pos-graduacao.uepb.edu.br\/profei\/wp-json\/wp\/v2\/posts\/1125\/revisions\/1256"}],"wp:attachment":[{"href":"https:\/\/pos-graduacao.uepb.edu.br\/profei\/wp-json\/wp\/v2\/media?parent=1125"}],"wp:term":[{"taxonomy":"category","embeddable":true,"href":"https:\/\/pos-graduacao.uepb.edu.br\/profei\/wp-json\/wp\/v2\/categories?post=1125"},{"taxonomy":"post_tag","embeddable":true,"href":"https:\/\/pos-graduacao.uepb.edu.br\/profei\/wp-json\/wp\/v2\/tags?post=1125"}],"curies":[{"name":"wp","href":"https:\/\/api.w.org\/{rel}","templated":true}]}}