{"id":971,"date":"2019-10-09T10:38:34","date_gmt":"2019-10-09T10:38:34","guid":{"rendered":"https:\/\/pos-graduacao.uepb.edu.br\/ppgss\/?p=971"},"modified":"2019-10-09T10:38:34","modified_gmt":"2019-10-09T10:38:34","slug":"mudanca-na-data-do-minicurso","status":"publish","type":"post","link":"https:\/\/pos-graduacao.uepb.edu.br\/ppgss\/mudanca-na-data-do-minicurso\/","title":{"rendered":"Mudan\u00e7a na data do Minicurso"},"content":{"rendered":"<p>O Programa de P\u00f3s-Gradua\u00e7\u00e3o em Servi\u00e7o Social informa que em virtude da PORTARIA\/UEPB\/GR\/0307\/2019, que disp\u00f5es sobre o hor\u00e1rio de funcionamento da Universidade Estadual da Para\u00edba, tornando facultativos os dias 14 e 15 do corrente m\u00eas, o minicurso &#8220;For\u00e7a de Trabalho: determina\u00e7\u00f5es hist\u00f3ricas e te\u00f3ricas&#8221;, que ser\u00e1 ministrado pelo Prof. Dr. Henrique Wellen, da UFRN, ser\u00e1 realizado apenas no dia 16 durantes os turnos da manh\u00e3 e tarde.<\/p>\n","protected":false},"excerpt":{"rendered":"<p>O Programa de P\u00f3s-Gradua\u00e7\u00e3o em Servi\u00e7o Social informa que em virtude da PORTARIA\/UEPB\/GR\/0307\/2019, que disp\u00f5es sobre o hor\u00e1rio de funcionamento da Universidade Estadual da Para\u00edba, tornando facultativos os dias 14 e 15 do corrente m\u00eas, o minicurso &#8220;For\u00e7a de Trabalho: determina\u00e7\u00f5es hist\u00f3ricas e te\u00f3ricas&#8221;, que ser\u00e1 ministrado pelo Prof. Dr. Henrique Wellen, da UFRN, ser\u00e1 <a class=\"leiamais\" href=\"https:\/\/pos-graduacao.uepb.edu.br\/ppgss\/mudanca-na-data-do-minicurso\/\">Leia Mais&#8230;<\/a><\/p>\n","protected":false},"author":49,"featured_media":0,"comment_status":"open","ping_status":"open","sticky":false,"template":"","format":"standard","meta":{"footnotes":""},"categories":[5,13],"tags":[],"class_list":["post-971","post","type-post","status-publish","format-standard","hentry","category-noticias","category-noticias-destaque"],"_links":{"self":[{"href":"https:\/\/pos-graduacao.uepb.edu.br\/ppgss\/wp-json\/wp\/v2\/posts\/971","targetHints":{"allow":["GET"]}}],"collection":[{"href":"https:\/\/pos-graduacao.uepb.edu.br\/ppgss\/wp-json\/wp\/v2\/posts"}],"about":[{"href":"https:\/\/pos-graduacao.uepb.edu.br\/ppgss\/wp-json\/wp\/v2\/types\/post"}],"author":[{"embeddable":true,"href":"https:\/\/pos-graduacao.uepb.edu.br\/ppgss\/wp-json\/wp\/v2\/users\/49"}],"replies":[{"embeddable":true,"href":"https:\/\/pos-graduacao.uepb.edu.br\/ppgss\/wp-json\/wp\/v2\/comments?post=971"}],"version-history":[{"count":1,"href":"https:\/\/pos-graduacao.uepb.edu.br\/ppgss\/wp-json\/wp\/v2\/posts\/971\/revisions"}],"predecessor-version":[{"id":972,"href":"https:\/\/pos-graduacao.uepb.edu.br\/ppgss\/wp-json\/wp\/v2\/posts\/971\/revisions\/972"}],"wp:attachment":[{"href":"https:\/\/pos-graduacao.uepb.edu.br\/ppgss\/wp-json\/wp\/v2\/media?parent=971"}],"wp:term":[{"taxonomy":"category","embeddable":true,"href":"https:\/\/pos-graduacao.uepb.edu.br\/ppgss\/wp-json\/wp\/v2\/categories?post=971"},{"taxonomy":"post_tag","embeddable":true,"href":"https:\/\/pos-graduacao.uepb.edu.br\/ppgss\/wp-json\/wp\/v2\/tags?post=971"}],"curies":[{"name":"wp","href":"https:\/\/api.w.org\/{rel}","templated":true}]}}