{"id":963,"date":"2019-09-20T14:11:11","date_gmt":"2019-09-20T14:11:11","guid":{"rendered":"https:\/\/pos-graduacao.uepb.edu.br\/ppgss\/?p=963"},"modified":"2019-09-20T14:11:11","modified_gmt":"2019-09-20T14:11:11","slug":"palestra-economia-politica-critica-da-saude-desafios","status":"publish","type":"post","link":"https:\/\/pos-graduacao.uepb.edu.br\/ppgss\/palestra-economia-politica-critica-da-saude-desafios\/","title":{"rendered":"Palestra &#8211; Economia pol\u00edtica cr\u00edtica da sa\u00fade: desafios."},"content":{"rendered":"<p>O F\u00f3rum Paraibano em Defesa do SUS e contra a privatiza\u00e7\u00e3o com apoio do Centro de Ci\u00eancias Sociais Aplicadas, Departamento de Servi\u00e7o Social e Programa de P\u00f3s-Gradua\u00e7\u00e3o em Servi\u00e7o Social da UEPB, promove a palestra intitulada &#8220;Economia pol\u00edtica cr\u00edtica da sa\u00fade: desafios&#8221;, que ser\u00e1 ministrada pelo Prof. Dr. \u00c1quilas Mendes, da Faculdade de Sa\u00fade P\u00fablica da USP.<\/p>\n<p>A palestra ocorrer\u00e1 no dia 23 de setembro a partir das 8h30 no audit\u00f3rio de Psicologia da UEPB.<\/p>\n<p>&nbsp;<\/p>\n<p><a href=\"https:\/\/pos-graduacao.uepb.edu.br\/ppgss\/files\/2019\/09\/WhatsApp-Image-2019-09-20-at-10.55.44.jpeg\"><img loading=\"lazy\" decoding=\"async\" class=\"alignnone size-full wp-image-964 img-responsive\" src=\"https:\/\/pos-graduacao.uepb.edu.br\/ppgss\/files\/2019\/09\/WhatsApp-Image-2019-09-20-at-10.55.44.jpeg\" alt=\"\" width=\"720\" height=\"540\" srcset=\"https:\/\/pos-graduacao.uepb.edu.br\/ppgss\/files\/2019\/09\/WhatsApp-Image-2019-09-20-at-10.55.44.jpeg 720w, https:\/\/pos-graduacao.uepb.edu.br\/ppgss\/files\/2019\/09\/WhatsApp-Image-2019-09-20-at-10.55.44-300x225.jpeg 300w, https:\/\/pos-graduacao.uepb.edu.br\/ppgss\/files\/2019\/09\/WhatsApp-Image-2019-09-20-at-10.55.44-370x278.jpeg 370w\" sizes=\"auto, (max-width: 720px) 100vw, 720px\" \/><\/a><\/p>\n","protected":false},"excerpt":{"rendered":"<p>O F\u00f3rum Paraibano em Defesa do SUS e contra a privatiza\u00e7\u00e3o com apoio do Centro de Ci\u00eancias Sociais Aplicadas, Departamento de Servi\u00e7o Social e Programa de P\u00f3s-Gradua\u00e7\u00e3o em Servi\u00e7o Social da UEPB, promove a palestra intitulada &#8220;Economia pol\u00edtica cr\u00edtica da sa\u00fade: desafios&#8221;, que ser\u00e1 ministrada pelo Prof. Dr. \u00c1quilas Mendes, da Faculdade de Sa\u00fade P\u00fablica <a class=\"leiamais\" href=\"https:\/\/pos-graduacao.uepb.edu.br\/ppgss\/palestra-economia-politica-critica-da-saude-desafios\/\">Leia Mais&#8230;<\/a><\/p>\n","protected":false},"author":49,"featured_media":0,"comment_status":"open","ping_status":"open","sticky":false,"template":"","format":"standard","meta":{"footnotes":""},"categories":[5,13],"tags":[],"class_list":["post-963","post","type-post","status-publish","format-standard","hentry","category-noticias","category-noticias-destaque"],"_links":{"self":[{"href":"https:\/\/pos-graduacao.uepb.edu.br\/ppgss\/wp-json\/wp\/v2\/posts\/963","targetHints":{"allow":["GET"]}}],"collection":[{"href":"https:\/\/pos-graduacao.uepb.edu.br\/ppgss\/wp-json\/wp\/v2\/posts"}],"about":[{"href":"https:\/\/pos-graduacao.uepb.edu.br\/ppgss\/wp-json\/wp\/v2\/types\/post"}],"author":[{"embeddable":true,"href":"https:\/\/pos-graduacao.uepb.edu.br\/ppgss\/wp-json\/wp\/v2\/users\/49"}],"replies":[{"embeddable":true,"href":"https:\/\/pos-graduacao.uepb.edu.br\/ppgss\/wp-json\/wp\/v2\/comments?post=963"}],"version-history":[{"count":1,"href":"https:\/\/pos-graduacao.uepb.edu.br\/ppgss\/wp-json\/wp\/v2\/posts\/963\/revisions"}],"predecessor-version":[{"id":965,"href":"https:\/\/pos-graduacao.uepb.edu.br\/ppgss\/wp-json\/wp\/v2\/posts\/963\/revisions\/965"}],"wp:attachment":[{"href":"https:\/\/pos-graduacao.uepb.edu.br\/ppgss\/wp-json\/wp\/v2\/media?parent=963"}],"wp:term":[{"taxonomy":"category","embeddable":true,"href":"https:\/\/pos-graduacao.uepb.edu.br\/ppgss\/wp-json\/wp\/v2\/categories?post=963"},{"taxonomy":"post_tag","embeddable":true,"href":"https:\/\/pos-graduacao.uepb.edu.br\/ppgss\/wp-json\/wp\/v2\/tags?post=963"}],"curies":[{"name":"wp","href":"https:\/\/api.w.org\/{rel}","templated":true}]}}