{"id":959,"date":"2019-09-19T19:35:23","date_gmt":"2019-09-19T19:35:23","guid":{"rendered":"https:\/\/pos-graduacao.uepb.edu.br\/ppgss\/?p=959"},"modified":"2019-09-19T19:35:23","modified_gmt":"2019-09-19T19:35:23","slug":"ppgss-oferta-minicurso","status":"publish","type":"post","link":"https:\/\/pos-graduacao.uepb.edu.br\/ppgss\/ppgss-oferta-minicurso\/","title":{"rendered":"PPGSS oferta minicurso"},"content":{"rendered":"<p>O Programa de P\u00f3s-Gradua\u00e7\u00e3o em Servi\u00e7o Social promover\u00e1 o minicurso &#8220;For\u00e7a de trabalho: determina\u00e7\u00f5es hist\u00f3ricas e te\u00f3ricas&#8221;, que ser\u00e1 ministrado pelo Prof. Dr. Henrique Wellen (PPGSS\/UFRN).<\/p>\n<p>O minicurso ocorrer\u00e1 na Central de Integra\u00e7\u00e3o Acad\u00eamica da Universidade Estadual da Para\u00edba durante os dias 15 e 16 de outubro. As inscri\u00e7\u00f5es podem ser feitas presencialmente, das 08h \u00e0s 12h, na sala 309, da CIAC, onde funciona a Coordena\u00e7\u00e3o do Programa de P\u00f3s-Gradua\u00e7\u00e3o em Servi\u00e7o Social.<\/p>\n<p><a href=\"https:\/\/pos-graduacao.uepb.edu.br\/ppgss\/files\/2019\/09\/WhatsApp-Image-2019-09-18-at-12.33.12.jpeg\"><img loading=\"lazy\" decoding=\"async\" class=\"alignnone size-medium wp-image-960 img-responsive\" src=\"https:\/\/pos-graduacao.uepb.edu.br\/ppgss\/files\/2019\/09\/WhatsApp-Image-2019-09-18-at-12.33.12-300x225.jpeg\" alt=\"\" width=\"300\" height=\"225\" srcset=\"https:\/\/pos-graduacao.uepb.edu.br\/ppgss\/files\/2019\/09\/WhatsApp-Image-2019-09-18-at-12.33.12-300x225.jpeg 300w, https:\/\/pos-graduacao.uepb.edu.br\/ppgss\/files\/2019\/09\/WhatsApp-Image-2019-09-18-at-12.33.12-768x576.jpeg 768w, https:\/\/pos-graduacao.uepb.edu.br\/ppgss\/files\/2019\/09\/WhatsApp-Image-2019-09-18-at-12.33.12-370x278.jpeg 370w, https:\/\/pos-graduacao.uepb.edu.br\/ppgss\/files\/2019\/09\/WhatsApp-Image-2019-09-18-at-12.33.12-840x630.jpeg 840w, https:\/\/pos-graduacao.uepb.edu.br\/ppgss\/files\/2019\/09\/WhatsApp-Image-2019-09-18-at-12.33.12.jpeg 960w\" sizes=\"auto, (max-width: 300px) 100vw, 300px\" \/><\/a><\/p>\n","protected":false},"excerpt":{"rendered":"<p>O Programa de P\u00f3s-Gradua\u00e7\u00e3o em Servi\u00e7o Social promover\u00e1 o minicurso &#8220;For\u00e7a de trabalho: determina\u00e7\u00f5es hist\u00f3ricas e te\u00f3ricas&#8221;, que ser\u00e1 ministrado pelo Prof. Dr. Henrique Wellen (PPGSS\/UFRN). O minicurso ocorrer\u00e1 na Central de Integra\u00e7\u00e3o Acad\u00eamica da Universidade Estadual da Para\u00edba durante os dias 15 e 16 de outubro. As inscri\u00e7\u00f5es podem ser feitas presencialmente, das 08h <a class=\"leiamais\" href=\"https:\/\/pos-graduacao.uepb.edu.br\/ppgss\/ppgss-oferta-minicurso\/\">Leia Mais&#8230;<\/a><\/p>\n","protected":false},"author":49,"featured_media":0,"comment_status":"open","ping_status":"open","sticky":false,"template":"","format":"standard","meta":{"footnotes":""},"categories":[5,13],"tags":[],"class_list":["post-959","post","type-post","status-publish","format-standard","hentry","category-noticias","category-noticias-destaque"],"_links":{"self":[{"href":"https:\/\/pos-graduacao.uepb.edu.br\/ppgss\/wp-json\/wp\/v2\/posts\/959","targetHints":{"allow":["GET"]}}],"collection":[{"href":"https:\/\/pos-graduacao.uepb.edu.br\/ppgss\/wp-json\/wp\/v2\/posts"}],"about":[{"href":"https:\/\/pos-graduacao.uepb.edu.br\/ppgss\/wp-json\/wp\/v2\/types\/post"}],"author":[{"embeddable":true,"href":"https:\/\/pos-graduacao.uepb.edu.br\/ppgss\/wp-json\/wp\/v2\/users\/49"}],"replies":[{"embeddable":true,"href":"https:\/\/pos-graduacao.uepb.edu.br\/ppgss\/wp-json\/wp\/v2\/comments?post=959"}],"version-history":[{"count":1,"href":"https:\/\/pos-graduacao.uepb.edu.br\/ppgss\/wp-json\/wp\/v2\/posts\/959\/revisions"}],"predecessor-version":[{"id":961,"href":"https:\/\/pos-graduacao.uepb.edu.br\/ppgss\/wp-json\/wp\/v2\/posts\/959\/revisions\/961"}],"wp:attachment":[{"href":"https:\/\/pos-graduacao.uepb.edu.br\/ppgss\/wp-json\/wp\/v2\/media?parent=959"}],"wp:term":[{"taxonomy":"category","embeddable":true,"href":"https:\/\/pos-graduacao.uepb.edu.br\/ppgss\/wp-json\/wp\/v2\/categories?post=959"},{"taxonomy":"post_tag","embeddable":true,"href":"https:\/\/pos-graduacao.uepb.edu.br\/ppgss\/wp-json\/wp\/v2\/tags?post=959"}],"curies":[{"name":"wp","href":"https:\/\/api.w.org\/{rel}","templated":true}]}}