{"id":957,"date":"2019-09-16T18:23:35","date_gmt":"2019-09-16T18:23:35","guid":{"rendered":"https:\/\/pos-graduacao.uepb.edu.br\/ppgss\/?p=957"},"modified":"2023-10-06T12:08:23","modified_gmt":"2023-10-06T12:08:23","slug":"selecao-para-aluno-regular-turma-2020","status":"publish","type":"post","link":"https:\/\/pos-graduacao.uepb.edu.br\/ppgss\/selecao-para-aluno-regular-turma-2020\/","title":{"rendered":"Sele\u00e7\u00e3o para aluno regular turma 2020"},"content":{"rendered":"<p style=\"text-align: left\">O Programa de P\u00f3s-Gradua\u00e7\u00e3o em Servi\u00e7o Social (PPGSS), em n\u00edvel de Mestrado Acad\u00eamico, estrutura-se na \u00c1rea de Concentra\u00e7\u00e3o EM SERVI\u00c7O SOCIAL, QUEST\u00c3O SOCIAL E DIREITOS SOCIAIS, que tem como eixo estudos e pesquisas sobre o Servi\u00e7o Social, inserido nas complexas rela\u00e7\u00f5es entre Estado e Sociedade na sociabilidade capitalista, contemplando duas linhas de pesquisa: SERVI\u00c7O SOCIAL, ESTADO, TRABALHO E POL\u00cdTICAS SOCIAIS e G\u00caNERO, DIVERSIDADE E RELA\u00c7\u00d5ES DE PODER.<\/p>\n<p>A Coordena\u00e7\u00e3o do Programa de P\u00f3s-Gradua\u00e7\u00e3o em Servi\u00e7o Social da Universidade Estadual da Para\u00edba no<br \/>\nuso de suas atribui\u00e7\u00f5es torna p\u00fablico o presente Edital que estabelece as normas do Processo Seletivo para o<br \/>\npreenchimento das vagas do PPGSS para a Turma de 2020.<\/p>\n<p><a href=\"https:\/\/drive.google.com\/open?id=1hkQ1_bGQx3IN2v4YvEnximIit_NQXzxH\">CLIQUE AQUI E ACESSE O EDITAL<\/a><\/p>\n<p style=\"text-align: left\">O PPGSS da Universidade Estadual da Para\u00edba tem por finalidade desenvolver e aprofundar a forma\u00e7\u00e3o adquirida nos cursos de gradua\u00e7\u00e3o e a forma\u00e7\u00e3o de pesquisadores de alto n\u00edvel para atuarem em Institui\u00e7\u00f5es de ensino superior e\/ou junto a \u00f3rg\u00e3os p\u00fablicos e privados.<\/p>\n<p>&nbsp;<\/p>\n","protected":false},"excerpt":{"rendered":"<p>O Programa de P\u00f3s-Gradua\u00e7\u00e3o em Servi\u00e7o Social (PPGSS), em n\u00edvel de Mestrado Acad\u00eamico, estrutura-se na \u00c1rea de Concentra\u00e7\u00e3o EM SERVI\u00c7O SOCIAL, QUEST\u00c3O SOCIAL E DIREITOS SOCIAIS, que tem como eixo estudos e pesquisas sobre o Servi\u00e7o Social, inserido nas complexas rela\u00e7\u00f5es entre Estado e Sociedade na sociabilidade capitalista, contemplando duas linhas de pesquisa: SERVI\u00c7O SOCIAL, <a class=\"leiamais\" href=\"https:\/\/pos-graduacao.uepb.edu.br\/ppgss\/selecao-para-aluno-regular-turma-2020\/\">Leia Mais&#8230;<\/a><\/p>\n","protected":false},"author":49,"featured_media":0,"comment_status":"open","ping_status":"open","sticky":false,"template":"","format":"standard","meta":{"footnotes":""},"categories":[5,13],"tags":[],"class_list":["post-957","post","type-post","status-publish","format-standard","hentry","category-noticias","category-noticias-destaque"],"_links":{"self":[{"href":"https:\/\/pos-graduacao.uepb.edu.br\/ppgss\/wp-json\/wp\/v2\/posts\/957","targetHints":{"allow":["GET"]}}],"collection":[{"href":"https:\/\/pos-graduacao.uepb.edu.br\/ppgss\/wp-json\/wp\/v2\/posts"}],"about":[{"href":"https:\/\/pos-graduacao.uepb.edu.br\/ppgss\/wp-json\/wp\/v2\/types\/post"}],"author":[{"embeddable":true,"href":"https:\/\/pos-graduacao.uepb.edu.br\/ppgss\/wp-json\/wp\/v2\/users\/49"}],"replies":[{"embeddable":true,"href":"https:\/\/pos-graduacao.uepb.edu.br\/ppgss\/wp-json\/wp\/v2\/comments?post=957"}],"version-history":[{"count":1,"href":"https:\/\/pos-graduacao.uepb.edu.br\/ppgss\/wp-json\/wp\/v2\/posts\/957\/revisions"}],"predecessor-version":[{"id":958,"href":"https:\/\/pos-graduacao.uepb.edu.br\/ppgss\/wp-json\/wp\/v2\/posts\/957\/revisions\/958"}],"wp:attachment":[{"href":"https:\/\/pos-graduacao.uepb.edu.br\/ppgss\/wp-json\/wp\/v2\/media?parent=957"}],"wp:term":[{"taxonomy":"category","embeddable":true,"href":"https:\/\/pos-graduacao.uepb.edu.br\/ppgss\/wp-json\/wp\/v2\/categories?post=957"},{"taxonomy":"post_tag","embeddable":true,"href":"https:\/\/pos-graduacao.uepb.edu.br\/ppgss\/wp-json\/wp\/v2\/tags?post=957"}],"curies":[{"name":"wp","href":"https:\/\/api.w.org\/{rel}","templated":true}]}}