{"id":832,"date":"2018-06-05T13:30:25","date_gmt":"2018-06-05T13:30:25","guid":{"rendered":"https:\/\/pos-graduacao.uepb.edu.br\/ppgss\/?p=832"},"modified":"2018-06-05T13:30:25","modified_gmt":"2018-06-05T13:30:25","slug":"palestra-limites-e-desafios-impostos-aos-as-assistentes-sociais-em-tempos-de-barbarie-social","status":"publish","type":"post","link":"https:\/\/pos-graduacao.uepb.edu.br\/ppgss\/palestra-limites-e-desafios-impostos-aos-as-assistentes-sociais-em-tempos-de-barbarie-social\/","title":{"rendered":"Palestra  \u201cLimites e Desafios Impostos aos\/as Assistentes Sociais em Tempos de Barb\u00e1rie Social\u201d"},"content":{"rendered":"<p>O Programa de P\u00f3s-Gradua\u00e7\u00e3o em Servi\u00e7o Social realizar\u00e1 no dia 07 de junho, \u00e0s 19:00h, no Audit\u00f3rio III da Central de Integra\u00e7\u00e3o Acad\u00eamica e Cultural, C\u00e2mpus de Campina Grande, a palestra \u201cLimites e Desafios Impostos aos\/as Assistentes Sociais em Tempos de Barb\u00e1rie Social\u201d, a qual ser\u00e1 ministrada pelo\u00a0Prof Dr Reginaldo P. Fran\u00e7a J\u00fanior docente do quadro efetivo da Universidade Federal de Campina Grande.<\/p>\n<p><a href=\"https:\/\/pos-graduacao.uepb.edu.br\/ppgss\/files\/2018\/06\/IMG-20180605-WA0000.jpg\"><img loading=\"lazy\" decoding=\"async\" class=\" wp-image-833 aligncenter img-responsive\" src=\"https:\/\/pos-graduacao.uepb.edu.br\/ppgss\/files\/2018\/06\/IMG-20180605-WA0000-212x300.jpg\" alt=\"\" width=\"236\" height=\"334\" srcset=\"https:\/\/pos-graduacao.uepb.edu.br\/ppgss\/files\/2018\/06\/IMG-20180605-WA0000-212x300.jpg 212w, https:\/\/pos-graduacao.uepb.edu.br\/ppgss\/files\/2018\/06\/IMG-20180605-WA0000-768x1086.jpg 768w, https:\/\/pos-graduacao.uepb.edu.br\/ppgss\/files\/2018\/06\/IMG-20180605-WA0000-724x1024.jpg 724w, https:\/\/pos-graduacao.uepb.edu.br\/ppgss\/files\/2018\/06\/IMG-20180605-WA0000-370x523.jpg 370w, https:\/\/pos-graduacao.uepb.edu.br\/ppgss\/files\/2018\/06\/IMG-20180605-WA0000-840x1188.jpg 840w, https:\/\/pos-graduacao.uepb.edu.br\/ppgss\/files\/2018\/06\/IMG-20180605-WA0000.jpg 905w\" sizes=\"auto, (max-width: 236px) 100vw, 236px\" \/><\/a><\/p>\n","protected":false},"excerpt":{"rendered":"<p>O Programa de P\u00f3s-Gradua\u00e7\u00e3o em Servi\u00e7o Social realizar\u00e1 no dia 07 de junho, \u00e0s 19:00h, no Audit\u00f3rio III da Central de Integra\u00e7\u00e3o Acad\u00eamica e Cultural, C\u00e2mpus de Campina Grande, a palestra \u201cLimites e Desafios Impostos aos\/as Assistentes Sociais em Tempos de Barb\u00e1rie Social\u201d, a qual ser\u00e1 ministrada pelo\u00a0Prof Dr Reginaldo P. Fran\u00e7a J\u00fanior docente do <a class=\"leiamais\" href=\"https:\/\/pos-graduacao.uepb.edu.br\/ppgss\/palestra-limites-e-desafios-impostos-aos-as-assistentes-sociais-em-tempos-de-barbarie-social\/\">Leia Mais&#8230;<\/a><\/p>\n","protected":false},"author":40,"featured_media":0,"comment_status":"open","ping_status":"open","sticky":false,"template":"","format":"standard","meta":{"footnotes":""},"categories":[6,5],"tags":[],"class_list":["post-832","post","type-post","status-publish","format-standard","hentry","category-eventos","category-noticias"],"_links":{"self":[{"href":"https:\/\/pos-graduacao.uepb.edu.br\/ppgss\/wp-json\/wp\/v2\/posts\/832","targetHints":{"allow":["GET"]}}],"collection":[{"href":"https:\/\/pos-graduacao.uepb.edu.br\/ppgss\/wp-json\/wp\/v2\/posts"}],"about":[{"href":"https:\/\/pos-graduacao.uepb.edu.br\/ppgss\/wp-json\/wp\/v2\/types\/post"}],"author":[{"embeddable":true,"href":"https:\/\/pos-graduacao.uepb.edu.br\/ppgss\/wp-json\/wp\/v2\/users\/40"}],"replies":[{"embeddable":true,"href":"https:\/\/pos-graduacao.uepb.edu.br\/ppgss\/wp-json\/wp\/v2\/comments?post=832"}],"version-history":[{"count":1,"href":"https:\/\/pos-graduacao.uepb.edu.br\/ppgss\/wp-json\/wp\/v2\/posts\/832\/revisions"}],"predecessor-version":[{"id":834,"href":"https:\/\/pos-graduacao.uepb.edu.br\/ppgss\/wp-json\/wp\/v2\/posts\/832\/revisions\/834"}],"wp:attachment":[{"href":"https:\/\/pos-graduacao.uepb.edu.br\/ppgss\/wp-json\/wp\/v2\/media?parent=832"}],"wp:term":[{"taxonomy":"category","embeddable":true,"href":"https:\/\/pos-graduacao.uepb.edu.br\/ppgss\/wp-json\/wp\/v2\/categories?post=832"},{"taxonomy":"post_tag","embeddable":true,"href":"https:\/\/pos-graduacao.uepb.edu.br\/ppgss\/wp-json\/wp\/v2\/tags?post=832"}],"curies":[{"name":"wp","href":"https:\/\/api.w.org\/{rel}","templated":true}]}}