{"id":827,"date":"2018-05-17T10:34:49","date_gmt":"2018-05-17T10:34:49","guid":{"rendered":"https:\/\/pos-graduacao.uepb.edu.br\/ppgss\/?p=827"},"modified":"2018-05-17T10:44:06","modified_gmt":"2018-05-17T10:44:06","slug":"827-2","status":"publish","type":"post","link":"https:\/\/pos-graduacao.uepb.edu.br\/ppgss\/827-2\/","title":{"rendered":"Palestra &#8220;D\u00edvida P\u00fablica, Ren\u00fancia Fiscal e o Ataque aos Direitos Sociais&#8221;"},"content":{"rendered":"<p>O Programa de P\u00f3s-Gradua\u00e7\u00e3o em Servi\u00e7o Social realizar\u00e1 no dia 17 de maio, \u00e0s 09:00h, no Audit\u00f3rio I da Central de Integra\u00e7\u00e3o Acad\u00eamica e Cultural, C\u00e2mpus de Campina Grande, a palestra \u201cD\u00edvida P\u00fablica, Ren\u00fancia Fiscal e o Ataque aos Direitos Sociais\u201d, a qual ser\u00e1 ministrada pelo\u00a0<span style=\"font-family: 'Times New Roman', serif\"><span style=\"font-size: medium\">Prof Dr<\/span><\/span>\u00a0Jos\u00e9 Menezes Gomes.<\/p>\n","protected":false},"excerpt":{"rendered":"<p>O Programa de P\u00f3s-Gradua\u00e7\u00e3o em Servi\u00e7o Social realizar\u00e1 no dia 17 de maio, \u00e0s 09:00h, no Audit\u00f3rio I da Central de Integra\u00e7\u00e3o Acad\u00eamica e Cultural, C\u00e2mpus de Campina Grande, a palestra \u201cD\u00edvida P\u00fablica, Ren\u00fancia Fiscal e o Ataque aos Direitos Sociais\u201d, a qual ser\u00e1 ministrada pelo\u00a0Prof Dr\u00a0Jos\u00e9 Menezes Gomes.<\/p>\n","protected":false},"author":40,"featured_media":0,"comment_status":"open","ping_status":"open","sticky":false,"template":"","format":"standard","meta":{"footnotes":""},"categories":[6,5],"tags":[],"class_list":["post-827","post","type-post","status-publish","format-standard","hentry","category-eventos","category-noticias"],"_links":{"self":[{"href":"https:\/\/pos-graduacao.uepb.edu.br\/ppgss\/wp-json\/wp\/v2\/posts\/827","targetHints":{"allow":["GET"]}}],"collection":[{"href":"https:\/\/pos-graduacao.uepb.edu.br\/ppgss\/wp-json\/wp\/v2\/posts"}],"about":[{"href":"https:\/\/pos-graduacao.uepb.edu.br\/ppgss\/wp-json\/wp\/v2\/types\/post"}],"author":[{"embeddable":true,"href":"https:\/\/pos-graduacao.uepb.edu.br\/ppgss\/wp-json\/wp\/v2\/users\/40"}],"replies":[{"embeddable":true,"href":"https:\/\/pos-graduacao.uepb.edu.br\/ppgss\/wp-json\/wp\/v2\/comments?post=827"}],"version-history":[{"count":3,"href":"https:\/\/pos-graduacao.uepb.edu.br\/ppgss\/wp-json\/wp\/v2\/posts\/827\/revisions"}],"predecessor-version":[{"id":830,"href":"https:\/\/pos-graduacao.uepb.edu.br\/ppgss\/wp-json\/wp\/v2\/posts\/827\/revisions\/830"}],"wp:attachment":[{"href":"https:\/\/pos-graduacao.uepb.edu.br\/ppgss\/wp-json\/wp\/v2\/media?parent=827"}],"wp:term":[{"taxonomy":"category","embeddable":true,"href":"https:\/\/pos-graduacao.uepb.edu.br\/ppgss\/wp-json\/wp\/v2\/categories?post=827"},{"taxonomy":"post_tag","embeddable":true,"href":"https:\/\/pos-graduacao.uepb.edu.br\/ppgss\/wp-json\/wp\/v2\/tags?post=827"}],"curies":[{"name":"wp","href":"https:\/\/api.w.org\/{rel}","templated":true}]}}