{"id":822,"date":"2018-04-17T15:23:08","date_gmt":"2018-04-17T15:23:08","guid":{"rendered":"https:\/\/pos-graduacao.uepb.edu.br\/ppgss\/?p=822"},"modified":"2018-04-17T15:23:08","modified_gmt":"2018-04-17T15:23:08","slug":"a-onda-conservadora-e-suas-repercussoes-contemporaneas","status":"publish","type":"post","link":"https:\/\/pos-graduacao.uepb.edu.br\/ppgss\/a-onda-conservadora-e-suas-repercussoes-contemporaneas\/","title":{"rendered":"A ONDA CONSERVADORA E SUAS REPERCUSS\u00d5ES CONTEMPOR\u00c2NEAS"},"content":{"rendered":"<p align=\"justify\">O Programa de P\u00f3s-Gradua\u00e7\u00e3o em Servi\u00e7o Social realizar\u00e1 no dia 24 de abril, \u00e0s 18:30h, no Audit\u00f3rio III da Central de Integra\u00e7\u00e3o Acad\u00eamica e Cultural, C\u00e2mpus de Campina Grande, o evento \u201cA Onda Conservadora e Suas Repercuss\u00f5es Contempor\u00e2neas\u201d, o qual contar\u00e1 com as participa\u00e7\u00f5es das <span style=\"font-family: 'Times New Roman', serif\"><span style=\"font-size: medium\">Prof\u00aa Dr\u00aa<\/span><\/span> Luciana Cantalice e a <span style=\"font-family: 'Times New Roman', serif\"><span style=\"font-size: medium\">Prof\u00aa Dr\u00aa Solange Rocha, docentes da Universidade Federal da Para\u00edba<\/span><\/span>. No citado evento ser\u00e3o ministradas as palestras \u201cAs Express\u00f5es do Conservadorismo no Servi\u00e7o Social na Atualidade\u201d e \u201cA Ofensiva Conservadora e o (Des)Respeito \u00e0 Divesidade. O evento ser\u00e1 aberto a todos os interessados.<\/p>\n<p align=\"justify\"><a href=\"https:\/\/pos-graduacao.uepb.edu.br\/ppgss\/files\/2018\/04\/IMG-20180417-WA0004.jpg\"><img loading=\"lazy\" decoding=\"async\" class=\"alignnone size-medium wp-image-823 img-responsive\" src=\"https:\/\/pos-graduacao.uepb.edu.br\/ppgss\/files\/2018\/04\/IMG-20180417-WA0004-212x300.jpg\" alt=\"\" width=\"212\" height=\"300\" srcset=\"https:\/\/pos-graduacao.uepb.edu.br\/ppgss\/files\/2018\/04\/IMG-20180417-WA0004-212x300.jpg 212w, https:\/\/pos-graduacao.uepb.edu.br\/ppgss\/files\/2018\/04\/IMG-20180417-WA0004-768x1086.jpg 768w, https:\/\/pos-graduacao.uepb.edu.br\/ppgss\/files\/2018\/04\/IMG-20180417-WA0004-724x1024.jpg 724w, https:\/\/pos-graduacao.uepb.edu.br\/ppgss\/files\/2018\/04\/IMG-20180417-WA0004-370x523.jpg 370w, https:\/\/pos-graduacao.uepb.edu.br\/ppgss\/files\/2018\/04\/IMG-20180417-WA0004-840x1188.jpg 840w, https:\/\/pos-graduacao.uepb.edu.br\/ppgss\/files\/2018\/04\/IMG-20180417-WA0004.jpg 905w\" sizes=\"auto, (max-width: 212px) 100vw, 212px\" \/><\/a><\/p>\n","protected":false},"excerpt":{"rendered":"<p>O Programa de P\u00f3s-Gradua\u00e7\u00e3o em Servi\u00e7o Social realizar\u00e1 no dia 24 de abril, \u00e0s 18:30h, no Audit\u00f3rio III da Central de Integra\u00e7\u00e3o Acad\u00eamica e Cultural, C\u00e2mpus de Campina Grande, o evento \u201cA Onda Conservadora e Suas Repercuss\u00f5es Contempor\u00e2neas\u201d, o qual contar\u00e1 com as participa\u00e7\u00f5es das Prof\u00aa Dr\u00aa Luciana Cantalice e a Prof\u00aa Dr\u00aa Solange Rocha, <a class=\"leiamais\" href=\"https:\/\/pos-graduacao.uepb.edu.br\/ppgss\/a-onda-conservadora-e-suas-repercussoes-contemporaneas\/\">Leia Mais&#8230;<\/a><\/p>\n","protected":false},"author":40,"featured_media":0,"comment_status":"open","ping_status":"open","sticky":false,"template":"","format":"standard","meta":{"footnotes":""},"categories":[6,5],"tags":[],"class_list":["post-822","post","type-post","status-publish","format-standard","hentry","category-eventos","category-noticias"],"_links":{"self":[{"href":"https:\/\/pos-graduacao.uepb.edu.br\/ppgss\/wp-json\/wp\/v2\/posts\/822","targetHints":{"allow":["GET"]}}],"collection":[{"href":"https:\/\/pos-graduacao.uepb.edu.br\/ppgss\/wp-json\/wp\/v2\/posts"}],"about":[{"href":"https:\/\/pos-graduacao.uepb.edu.br\/ppgss\/wp-json\/wp\/v2\/types\/post"}],"author":[{"embeddable":true,"href":"https:\/\/pos-graduacao.uepb.edu.br\/ppgss\/wp-json\/wp\/v2\/users\/40"}],"replies":[{"embeddable":true,"href":"https:\/\/pos-graduacao.uepb.edu.br\/ppgss\/wp-json\/wp\/v2\/comments?post=822"}],"version-history":[{"count":1,"href":"https:\/\/pos-graduacao.uepb.edu.br\/ppgss\/wp-json\/wp\/v2\/posts\/822\/revisions"}],"predecessor-version":[{"id":824,"href":"https:\/\/pos-graduacao.uepb.edu.br\/ppgss\/wp-json\/wp\/v2\/posts\/822\/revisions\/824"}],"wp:attachment":[{"href":"https:\/\/pos-graduacao.uepb.edu.br\/ppgss\/wp-json\/wp\/v2\/media?parent=822"}],"wp:term":[{"taxonomy":"category","embeddable":true,"href":"https:\/\/pos-graduacao.uepb.edu.br\/ppgss\/wp-json\/wp\/v2\/categories?post=822"},{"taxonomy":"post_tag","embeddable":true,"href":"https:\/\/pos-graduacao.uepb.edu.br\/ppgss\/wp-json\/wp\/v2\/tags?post=822"}],"curies":[{"name":"wp","href":"https:\/\/api.w.org\/{rel}","templated":true}]}}