{"id":818,"date":"2018-04-03T11:37:44","date_gmt":"2018-04-03T11:37:44","guid":{"rendered":"https:\/\/pos-graduacao.uepb.edu.br\/ppgss\/?p=818"},"modified":"2018-04-03T11:37:44","modified_gmt":"2018-04-03T11:37:44","slug":"resultado-aluno-especial-disciplina-etica-projetos-profissionais-e-servico-social","status":"publish","type":"post","link":"https:\/\/pos-graduacao.uepb.edu.br\/ppgss\/resultado-aluno-especial-disciplina-etica-projetos-profissionais-e-servico-social\/","title":{"rendered":"RESULTADO ALUNO ESPECIAL DISCIPLINA &#8211; \u00c9TICA, PROJETOS PROFISSIONAIS E SERVI\u00c7O SOCIAL"},"content":{"rendered":"<p align=\"justify\"><span style=\"font-family: 'Times New Roman', serif\">A Coordena\u00e7\u00e3o do Programa de P\u00f3s-Gradua\u00e7\u00e3o em Servi\u00e7o Social torna p\u00fablico o RESULTADO <\/span> <span style=\"font-family: 'Times New Roman', serif\">do processo de sele\u00e7\u00e3o para <\/span><span style=\"font-family: 'Times New Roman', serif\">aluno especial <\/span><span style=\"font-family: 'Times New Roman', serif\"><b>DISCIPLINA\u00a0<\/b><\/span>\u201c<span style=\"font-family: 'Times New Roman', serif\"><span lang=\"pt-BR\"><b>\u00c9TICA, PROJETOS PROFISSIONAIS E SERVI\u00c7O SOCIAL\u201d<\/b><\/span><\/span><b><\/b><span style=\"font-family: 'Times New Roman', serif\">. Para acessar o resultado <\/span><strong><a href=\"https:\/\/pos-graduacao.uepb.edu.br\/ppgss\/?wpfb_dl=176\"><span style=\"font-family: 'Times New Roman', serif\">clique aqui<\/span><\/a><\/strong><span style=\"font-family: 'Times New Roman', serif\">.<\/span><\/p>\n<p align=\"justify\"><span style=\"font-family: 'Times New Roman', serif\"><span style=\"color: #ff0000\"><b>Obs<\/b><\/span>: Os alunos dever\u00e3o comparecer a Secretaria do PPGSS &#8211; sala 309 da CIAC &#8211; nos dia<b> <\/b><b>05<\/b><b> e <\/b><b>06<\/b><b> de <\/b><b>abril<\/b><b> de 2018 <\/b>para realizar as matr\u00edculas. As aulas da componente curricular iniciar-se-\u00e3o no dia 10 de abril as 08:00 horas na sala 234 do pr\u00e9dio da Central de Integra\u00e7\u00e3o Acad\u00eamica e Cultural &#8211; CIAC.<\/span><\/p>\n","protected":false},"excerpt":{"rendered":"<p>A Coordena\u00e7\u00e3o do Programa de P\u00f3s-Gradua\u00e7\u00e3o em Servi\u00e7o Social torna p\u00fablico o RESULTADO do processo de sele\u00e7\u00e3o para aluno especial DISCIPLINA\u00a0\u201c\u00c9TICA, PROJETOS PROFISSIONAIS E SERVI\u00c7O SOCIAL\u201d. Para acessar o resultado clique aqui. Obs: Os alunos dever\u00e3o comparecer a Secretaria do PPGSS &#8211; sala 309 da CIAC &#8211; nos dia 05 e 06 de abril de <a class=\"leiamais\" href=\"https:\/\/pos-graduacao.uepb.edu.br\/ppgss\/resultado-aluno-especial-disciplina-etica-projetos-profissionais-e-servico-social\/\">Leia Mais&#8230;<\/a><\/p>\n","protected":false},"author":40,"featured_media":0,"comment_status":"open","ping_status":"open","sticky":false,"template":"","format":"standard","meta":{"footnotes":""},"categories":[5],"tags":[],"class_list":["post-818","post","type-post","status-publish","format-standard","hentry","category-noticias"],"_links":{"self":[{"href":"https:\/\/pos-graduacao.uepb.edu.br\/ppgss\/wp-json\/wp\/v2\/posts\/818","targetHints":{"allow":["GET"]}}],"collection":[{"href":"https:\/\/pos-graduacao.uepb.edu.br\/ppgss\/wp-json\/wp\/v2\/posts"}],"about":[{"href":"https:\/\/pos-graduacao.uepb.edu.br\/ppgss\/wp-json\/wp\/v2\/types\/post"}],"author":[{"embeddable":true,"href":"https:\/\/pos-graduacao.uepb.edu.br\/ppgss\/wp-json\/wp\/v2\/users\/40"}],"replies":[{"embeddable":true,"href":"https:\/\/pos-graduacao.uepb.edu.br\/ppgss\/wp-json\/wp\/v2\/comments?post=818"}],"version-history":[{"count":2,"href":"https:\/\/pos-graduacao.uepb.edu.br\/ppgss\/wp-json\/wp\/v2\/posts\/818\/revisions"}],"predecessor-version":[{"id":820,"href":"https:\/\/pos-graduacao.uepb.edu.br\/ppgss\/wp-json\/wp\/v2\/posts\/818\/revisions\/820"}],"wp:attachment":[{"href":"https:\/\/pos-graduacao.uepb.edu.br\/ppgss\/wp-json\/wp\/v2\/media?parent=818"}],"wp:term":[{"taxonomy":"category","embeddable":true,"href":"https:\/\/pos-graduacao.uepb.edu.br\/ppgss\/wp-json\/wp\/v2\/categories?post=818"},{"taxonomy":"post_tag","embeddable":true,"href":"https:\/\/pos-graduacao.uepb.edu.br\/ppgss\/wp-json\/wp\/v2\/tags?post=818"}],"curies":[{"name":"wp","href":"https:\/\/api.w.org\/{rel}","templated":true}]}}