{"id":783,"date":"2017-11-28T12:25:44","date_gmt":"2017-11-28T12:25:44","guid":{"rendered":"https:\/\/pos-graduacao.uepb.edu.br\/ppgss\/?p=783"},"modified":"2017-11-28T12:28:25","modified_gmt":"2017-11-28T12:28:25","slug":"adiamento-do-resultado-final-selecao-2018","status":"publish","type":"post","link":"https:\/\/pos-graduacao.uepb.edu.br\/ppgss\/adiamento-do-resultado-final-selecao-2018\/","title":{"rendered":"ADIAMENTO DO RESULTADO FINAL &#8211; SELE\u00c7\u00c3O 2018"},"content":{"rendered":"<p align=\"justify\"><span style=\"font-family: Arial, sans-serif\"><span style=\"font-size: medium\"><span style=\"color: #000000\">A Coordena\u00e7\u00e3o do Programa de P\u00f3s-Gradua\u00e7\u00e3o em Servi\u00e7o Social informa aos <\/span><span style=\"color: #000000\">interessados que o resultado final do processo seletivo inicialmente previsto para ser divulgado no dia 18 de dezembro do presente ano ser\u00e1 postergado para o <\/span><span style=\"color: #000000\"><b>dia 20 de dezembro de 2017<\/b><\/span><span style=\"color: #000000\">. Tal prorroga\u00e7\u00e3o decorre<\/span> <span style=\"color: #000000\">da realiza\u00e7\u00e3o da<\/span><span style=\"color: #000000\"> confer\u00eancia setorial <\/span><span style=\"color: #000000\">com a \u00a0<\/span><span style=\"color: #000000\">Prof\u00aa Dr\u00aa <\/span><span style=\"color: #00000a\">Maria L\u00facia Teixeira Garcia, <\/span><span style=\"color: #00000a\">Coordenadora da \u00c1rea de Servi\u00e7o Social da Capes, <\/span><span style=\"color: #00000a\">a qual ser\u00e1<\/span><span style=\"color: #000000\"> realizada nos dias 18 e 19 de dezembro do ano corrente<\/span><span style=\"color: #00000a\">.<\/span><\/span><\/span><\/p>\n","protected":false},"excerpt":{"rendered":"<p>A Coordena\u00e7\u00e3o do Programa de P\u00f3s-Gradua\u00e7\u00e3o em Servi\u00e7o Social informa aos interessados que o resultado final do processo seletivo inicialmente previsto para ser divulgado no dia 18 de dezembro do presente ano ser\u00e1 postergado para o dia 20 de dezembro de 2017. Tal prorroga\u00e7\u00e3o decorre da realiza\u00e7\u00e3o da confer\u00eancia setorial com a \u00a0Prof\u00aa Dr\u00aa Maria <a class=\"leiamais\" href=\"https:\/\/pos-graduacao.uepb.edu.br\/ppgss\/adiamento-do-resultado-final-selecao-2018\/\">Leia Mais&#8230;<\/a><\/p>\n","protected":false},"author":40,"featured_media":0,"comment_status":"open","ping_status":"open","sticky":false,"template":"","format":"standard","meta":{"footnotes":""},"categories":[5],"tags":[],"class_list":["post-783","post","type-post","status-publish","format-standard","hentry","category-noticias"],"_links":{"self":[{"href":"https:\/\/pos-graduacao.uepb.edu.br\/ppgss\/wp-json\/wp\/v2\/posts\/783","targetHints":{"allow":["GET"]}}],"collection":[{"href":"https:\/\/pos-graduacao.uepb.edu.br\/ppgss\/wp-json\/wp\/v2\/posts"}],"about":[{"href":"https:\/\/pos-graduacao.uepb.edu.br\/ppgss\/wp-json\/wp\/v2\/types\/post"}],"author":[{"embeddable":true,"href":"https:\/\/pos-graduacao.uepb.edu.br\/ppgss\/wp-json\/wp\/v2\/users\/40"}],"replies":[{"embeddable":true,"href":"https:\/\/pos-graduacao.uepb.edu.br\/ppgss\/wp-json\/wp\/v2\/comments?post=783"}],"version-history":[{"count":2,"href":"https:\/\/pos-graduacao.uepb.edu.br\/ppgss\/wp-json\/wp\/v2\/posts\/783\/revisions"}],"predecessor-version":[{"id":785,"href":"https:\/\/pos-graduacao.uepb.edu.br\/ppgss\/wp-json\/wp\/v2\/posts\/783\/revisions\/785"}],"wp:attachment":[{"href":"https:\/\/pos-graduacao.uepb.edu.br\/ppgss\/wp-json\/wp\/v2\/media?parent=783"}],"wp:term":[{"taxonomy":"category","embeddable":true,"href":"https:\/\/pos-graduacao.uepb.edu.br\/ppgss\/wp-json\/wp\/v2\/categories?post=783"},{"taxonomy":"post_tag","embeddable":true,"href":"https:\/\/pos-graduacao.uepb.edu.br\/ppgss\/wp-json\/wp\/v2\/tags?post=783"}],"curies":[{"name":"wp","href":"https:\/\/api.w.org\/{rel}","templated":true}]}}