{"id":777,"date":"2017-11-21T15:02:35","date_gmt":"2017-11-21T15:02:35","guid":{"rendered":"https:\/\/pos-graduacao.uepb.edu.br\/ppgss\/?p=777"},"modified":"2017-11-21T15:03:50","modified_gmt":"2017-11-21T15:03:50","slug":"palestra-desenvolvimento-capitalista-e-as-tendencias-contemporaneas-da-politica-social-no-brasil","status":"publish","type":"post","link":"https:\/\/pos-graduacao.uepb.edu.br\/ppgss\/palestra-desenvolvimento-capitalista-e-as-tendencias-contemporaneas-da-politica-social-no-brasil\/","title":{"rendered":"Palestra &#8220;Desenvolvimento capitalista e as tend\u00eancias contempor\u00e2neas da pol\u00edtica social no Brasil&#8221;"},"content":{"rendered":"<p align=\"justify\"><span style=\"font-family: Arial, sans-serif\">O Programa de P\u00f3s-Gradua\u00e7\u00e3o em Servi\u00e7o Social conjuntamente com o Programa de P\u00f3s-Gradua\u00e7\u00e3o em Desenvolvimento Regional realizar\u00e3o no dia 1\u00ba de dezembro, \u00e0s 14h, no Audit\u00f3rio II da Central de Integra\u00e7\u00e3o Acad\u00eamica e Cultural, C\u00e2mpus de Campina Grande, a palestra \u201cDesenvolvimento capitalista e as tend\u00eancias contempor\u00e2neas da pol\u00edtica social no Brasil\u201d, a ser ministrada pela professora Ana Paula Ornellas Mauriel. A atividade \u00e9 aberta a todos os interessados.<\/span><\/p>\n<p align=\"justify\">\n<p align=\"justify\"><span style=\"font-family: Arial, sans-serif\"><a href=\"https:\/\/pos-graduacao.uepb.edu.br\/ppgss\/files\/2017\/11\/Palestra-Ana-Paula-Mauriel.jpg\"><img loading=\"lazy\" decoding=\"async\" class=\"alignnone size-medium wp-image-780 img-responsive\" src=\"https:\/\/pos-graduacao.uepb.edu.br\/ppgss\/files\/2017\/11\/Palestra-Ana-Paula-Mauriel-212x300.jpg\" alt=\"\" width=\"212\" height=\"300\" srcset=\"https:\/\/pos-graduacao.uepb.edu.br\/ppgss\/files\/2017\/11\/Palestra-Ana-Paula-Mauriel-212x300.jpg 212w, https:\/\/pos-graduacao.uepb.edu.br\/ppgss\/files\/2017\/11\/Palestra-Ana-Paula-Mauriel-768x1087.jpg 768w, https:\/\/pos-graduacao.uepb.edu.br\/ppgss\/files\/2017\/11\/Palestra-Ana-Paula-Mauriel-723x1024.jpg 723w, https:\/\/pos-graduacao.uepb.edu.br\/ppgss\/files\/2017\/11\/Palestra-Ana-Paula-Mauriel-370x524.jpg 370w, https:\/\/pos-graduacao.uepb.edu.br\/ppgss\/files\/2017\/11\/Palestra-Ana-Paula-Mauriel-840x1189.jpg 840w, https:\/\/pos-graduacao.uepb.edu.br\/ppgss\/files\/2017\/11\/Palestra-Ana-Paula-Mauriel.jpg 904w\" sizes=\"auto, (max-width: 212px) 100vw, 212px\" \/><\/a><\/span><\/p>\n","protected":false},"excerpt":{"rendered":"<p>O Programa de P\u00f3s-Gradua\u00e7\u00e3o em Servi\u00e7o Social conjuntamente com o Programa de P\u00f3s-Gradua\u00e7\u00e3o em Desenvolvimento Regional realizar\u00e3o no dia 1\u00ba de dezembro, \u00e0s 14h, no Audit\u00f3rio II da Central de Integra\u00e7\u00e3o Acad\u00eamica e Cultural, C\u00e2mpus de Campina Grande, a palestra \u201cDesenvolvimento capitalista e as tend\u00eancias contempor\u00e2neas da pol\u00edtica social no Brasil\u201d, a ser ministrada pela <a class=\"leiamais\" href=\"https:\/\/pos-graduacao.uepb.edu.br\/ppgss\/palestra-desenvolvimento-capitalista-e-as-tendencias-contemporaneas-da-politica-social-no-brasil\/\">Leia Mais&#8230;<\/a><\/p>\n","protected":false},"author":40,"featured_media":780,"comment_status":"open","ping_status":"open","sticky":false,"template":"","format":"standard","meta":{"footnotes":""},"categories":[6,5],"tags":[],"class_list":["post-777","post","type-post","status-publish","format-standard","has-post-thumbnail","hentry","category-eventos","category-noticias"],"_links":{"self":[{"href":"https:\/\/pos-graduacao.uepb.edu.br\/ppgss\/wp-json\/wp\/v2\/posts\/777","targetHints":{"allow":["GET"]}}],"collection":[{"href":"https:\/\/pos-graduacao.uepb.edu.br\/ppgss\/wp-json\/wp\/v2\/posts"}],"about":[{"href":"https:\/\/pos-graduacao.uepb.edu.br\/ppgss\/wp-json\/wp\/v2\/types\/post"}],"author":[{"embeddable":true,"href":"https:\/\/pos-graduacao.uepb.edu.br\/ppgss\/wp-json\/wp\/v2\/users\/40"}],"replies":[{"embeddable":true,"href":"https:\/\/pos-graduacao.uepb.edu.br\/ppgss\/wp-json\/wp\/v2\/comments?post=777"}],"version-history":[{"count":4,"href":"https:\/\/pos-graduacao.uepb.edu.br\/ppgss\/wp-json\/wp\/v2\/posts\/777\/revisions"}],"predecessor-version":[{"id":782,"href":"https:\/\/pos-graduacao.uepb.edu.br\/ppgss\/wp-json\/wp\/v2\/posts\/777\/revisions\/782"}],"wp:featuredmedia":[{"embeddable":true,"href":"https:\/\/pos-graduacao.uepb.edu.br\/ppgss\/wp-json\/wp\/v2\/media\/780"}],"wp:attachment":[{"href":"https:\/\/pos-graduacao.uepb.edu.br\/ppgss\/wp-json\/wp\/v2\/media?parent=777"}],"wp:term":[{"taxonomy":"category","embeddable":true,"href":"https:\/\/pos-graduacao.uepb.edu.br\/ppgss\/wp-json\/wp\/v2\/categories?post=777"},{"taxonomy":"post_tag","embeddable":true,"href":"https:\/\/pos-graduacao.uepb.edu.br\/ppgss\/wp-json\/wp\/v2\/tags?post=777"}],"curies":[{"name":"wp","href":"https:\/\/api.w.org\/{rel}","templated":true}]}}