{"id":771,"date":"2017-11-08T15:03:06","date_gmt":"2017-11-08T15:03:06","guid":{"rendered":"https:\/\/pos-graduacao.uepb.edu.br\/ppgss\/?p=771"},"modified":"2017-11-08T15:14:07","modified_gmt":"2017-11-08T15:14:07","slug":"resultado-da-analise-da-arguicao-aos-projetos-de-pesquisa","status":"publish","type":"post","link":"https:\/\/pos-graduacao.uepb.edu.br\/ppgss\/resultado-da-analise-da-arguicao-aos-projetos-de-pesquisa\/","title":{"rendered":"RESULTADO DA AN\u00c1LISE E ARGUI\u00c7\u00c3O AOS PROJETOS DE PESQUISA"},"content":{"rendered":"<p align=\"justify\"><span style=\"color: #000000\"><span style=\"font-family: 'Times New Roman', serif\"><span style=\"font-size: medium\">A Coordena\u00e7\u00e3o do Programa de P\u00f3s-Gradua\u00e7\u00e3o em Servi\u00e7o Social torna p\u00fablico o resultado da Argui\u00e7\u00e3o aos Projetos de Pesquisa do processo de sele\u00e7\u00e3o para alunos regulares Turma 2018. Para acessar o resultado <a href=\"https:\/\/pos-graduacao.uepb.edu.br\/ppgss\/?wpfb_dl=172\">clique aqui<\/a>.<\/span><\/span><\/span><\/p>\n<p align=\"justify\"><span style=\"color: #000000\"><span style=\"font-family: 'Times New Roman', serif\"><span style=\"font-size: medium\">Obs: Em virtude da Paralisa\u00e7\u00e3o Nacional marcada para o dia 10 de novembro, retificamos o cronograma do edital n\u00b0 03\/2017 no que se refere ao item 3.1 ficando a interposi\u00e7\u00e3o de recursos ao resultado da argui\u00e7\u00e3o do projeto de pesquisa para o dia 13\/11 do presente ano. J\u00e1 a publica\u00e7\u00e3o dos resultados dos recursos a argui\u00e7\u00e3o dos projetos de pesquisa ser\u00e3o devidamente publicadas no dia 16\/11\/17.<\/span><\/span><\/span><\/p>\n<p align=\"justify\">\n","protected":false},"excerpt":{"rendered":"<p>A Coordena\u00e7\u00e3o do Programa de P\u00f3s-Gradua\u00e7\u00e3o em Servi\u00e7o Social torna p\u00fablico o resultado da Argui\u00e7\u00e3o aos Projetos de Pesquisa do processo de sele\u00e7\u00e3o para alunos regulares Turma 2018. Para acessar o resultado clique aqui. Obs: Em virtude da Paralisa\u00e7\u00e3o Nacional marcada para o dia 10 de novembro, retificamos o cronograma do edital n\u00b0 03\/2017 no <a class=\"leiamais\" href=\"https:\/\/pos-graduacao.uepb.edu.br\/ppgss\/resultado-da-analise-da-arguicao-aos-projetos-de-pesquisa\/\">Leia Mais&#8230;<\/a><\/p>\n","protected":false},"author":40,"featured_media":0,"comment_status":"open","ping_status":"open","sticky":false,"template":"","format":"standard","meta":{"footnotes":""},"categories":[5],"tags":[],"class_list":["post-771","post","type-post","status-publish","format-standard","hentry","category-noticias"],"_links":{"self":[{"href":"https:\/\/pos-graduacao.uepb.edu.br\/ppgss\/wp-json\/wp\/v2\/posts\/771","targetHints":{"allow":["GET"]}}],"collection":[{"href":"https:\/\/pos-graduacao.uepb.edu.br\/ppgss\/wp-json\/wp\/v2\/posts"}],"about":[{"href":"https:\/\/pos-graduacao.uepb.edu.br\/ppgss\/wp-json\/wp\/v2\/types\/post"}],"author":[{"embeddable":true,"href":"https:\/\/pos-graduacao.uepb.edu.br\/ppgss\/wp-json\/wp\/v2\/users\/40"}],"replies":[{"embeddable":true,"href":"https:\/\/pos-graduacao.uepb.edu.br\/ppgss\/wp-json\/wp\/v2\/comments?post=771"}],"version-history":[{"count":4,"href":"https:\/\/pos-graduacao.uepb.edu.br\/ppgss\/wp-json\/wp\/v2\/posts\/771\/revisions"}],"predecessor-version":[{"id":775,"href":"https:\/\/pos-graduacao.uepb.edu.br\/ppgss\/wp-json\/wp\/v2\/posts\/771\/revisions\/775"}],"wp:attachment":[{"href":"https:\/\/pos-graduacao.uepb.edu.br\/ppgss\/wp-json\/wp\/v2\/media?parent=771"}],"wp:term":[{"taxonomy":"category","embeddable":true,"href":"https:\/\/pos-graduacao.uepb.edu.br\/ppgss\/wp-json\/wp\/v2\/categories?post=771"},{"taxonomy":"post_tag","embeddable":true,"href":"https:\/\/pos-graduacao.uepb.edu.br\/ppgss\/wp-json\/wp\/v2\/tags?post=771"}],"curies":[{"name":"wp","href":"https:\/\/api.w.org\/{rel}","templated":true}]}}