{"id":756,"date":"2017-10-03T15:49:45","date_gmt":"2017-10-03T15:49:45","guid":{"rendered":"https:\/\/pos-graduacao.uepb.edu.br\/ppgss\/?p=756"},"modified":"2017-10-03T15:50:23","modified_gmt":"2017-10-03T15:50:23","slug":"divulgado-resultado-para-selecao-de-aluno-especial","status":"publish","type":"post","link":"https:\/\/pos-graduacao.uepb.edu.br\/ppgss\/divulgado-resultado-para-selecao-de-aluno-especial\/","title":{"rendered":"DIVULGADO RESULTADO PARA SELE\u00c7\u00c3O DE ALUNO ESPECIAL"},"content":{"rendered":"<p align=\"justify\"><span style=\"font-family: 'Times New Roman', serif\">A Coordena\u00e7\u00e3o do Programa de P\u00f3s-Gradua\u00e7\u00e3o em Servi\u00e7o Social torna p\u00fablico o resultado do Processo Seletivo para o preenchimento das vagas de ALUNO ESPECIAL no Mestrado em Servi\u00e7o Social \u2013 2017.2. referente as Disciplinas \u201c <span style=\"font-size: medium\"><span lang=\"pt-BR\">FINANCEIRIZA\u00c7\u00c3O DO CAPITAL, FUNDO P\u00daBLICO E POL\u00cdTICAS SOCIAIS<\/span><\/span><span style=\"font-size: medium\">\u201d <\/span><span style=\"font-size: medium\">e \u201c <\/span><span style=\"font-size: medium\"><span lang=\"pt-BR\">CONSERVADORISMO CL\u00c1SSICO E CONTEMPOR\u00c2NEO<\/span><\/span><span lang=\"pt-BR\">\u201d<\/span>. Os candidatos selecionados dever\u00e3o se atentar aos prazos para a matr\u00edcula estipulado nos documentos constantes do resultado.<\/span><\/p>\n<p align=\"justify\"><a href=\"https:\/\/pos-graduacao.uepb.edu.br\/ppgss\/?wpfb_dl=163\">RESULTADO &#8211;\u00a0<span style=\"font-family: 'Times New Roman', serif\"><span style=\"font-size: medium\"><span lang=\"pt-BR\">FINANCEIRIZA\u00c7\u00c3O DO CAPITAL, FUNDO P\u00daBLICO <\/span><\/span><span style=\"font-size: medium\"><span lang=\"pt-BR\">E POL\u00cdTICAS SOCIAIS<\/span><\/span><\/span><\/a><\/p>\n<p align=\"justify\"><a href=\"https:\/\/pos-graduacao.uepb.edu.br\/ppgss\/?wpfb_dl=164\">RESULTADO &#8211;\u00a0<span style=\"font-family: 'Times New Roman', serif\"><span style=\"font-size: medium\"><span lang=\"pt-BR\">CONSERVADORISMO CL\u00c1SSICO E CONTEMPOR\u00c2NEO<\/span><\/span> <\/span><\/a><\/p>\n","protected":false},"excerpt":{"rendered":"<p>A Coordena\u00e7\u00e3o do Programa de P\u00f3s-Gradua\u00e7\u00e3o em Servi\u00e7o Social torna p\u00fablico o resultado do Processo Seletivo para o preenchimento das vagas de ALUNO ESPECIAL no Mestrado em Servi\u00e7o Social \u2013 2017.2. referente as Disciplinas \u201c FINANCEIRIZA\u00c7\u00c3O DO CAPITAL, FUNDO P\u00daBLICO E POL\u00cdTICAS SOCIAIS\u201d e \u201c CONSERVADORISMO CL\u00c1SSICO E CONTEMPOR\u00c2NEO\u201d. Os candidatos selecionados dever\u00e3o se atentar <a class=\"leiamais\" href=\"https:\/\/pos-graduacao.uepb.edu.br\/ppgss\/divulgado-resultado-para-selecao-de-aluno-especial\/\">Leia Mais&#8230;<\/a><\/p>\n","protected":false},"author":40,"featured_media":0,"comment_status":"open","ping_status":"open","sticky":false,"template":"","format":"standard","meta":{"footnotes":""},"categories":[5],"tags":[],"class_list":["post-756","post","type-post","status-publish","format-standard","hentry","category-noticias"],"_links":{"self":[{"href":"https:\/\/pos-graduacao.uepb.edu.br\/ppgss\/wp-json\/wp\/v2\/posts\/756","targetHints":{"allow":["GET"]}}],"collection":[{"href":"https:\/\/pos-graduacao.uepb.edu.br\/ppgss\/wp-json\/wp\/v2\/posts"}],"about":[{"href":"https:\/\/pos-graduacao.uepb.edu.br\/ppgss\/wp-json\/wp\/v2\/types\/post"}],"author":[{"embeddable":true,"href":"https:\/\/pos-graduacao.uepb.edu.br\/ppgss\/wp-json\/wp\/v2\/users\/40"}],"replies":[{"embeddable":true,"href":"https:\/\/pos-graduacao.uepb.edu.br\/ppgss\/wp-json\/wp\/v2\/comments?post=756"}],"version-history":[{"count":1,"href":"https:\/\/pos-graduacao.uepb.edu.br\/ppgss\/wp-json\/wp\/v2\/posts\/756\/revisions"}],"predecessor-version":[{"id":757,"href":"https:\/\/pos-graduacao.uepb.edu.br\/ppgss\/wp-json\/wp\/v2\/posts\/756\/revisions\/757"}],"wp:attachment":[{"href":"https:\/\/pos-graduacao.uepb.edu.br\/ppgss\/wp-json\/wp\/v2\/media?parent=756"}],"wp:term":[{"taxonomy":"category","embeddable":true,"href":"https:\/\/pos-graduacao.uepb.edu.br\/ppgss\/wp-json\/wp\/v2\/categories?post=756"},{"taxonomy":"post_tag","embeddable":true,"href":"https:\/\/pos-graduacao.uepb.edu.br\/ppgss\/wp-json\/wp\/v2\/tags?post=756"}],"curies":[{"name":"wp","href":"https:\/\/api.w.org\/{rel}","templated":true}]}}