{"id":753,"date":"2017-09-28T15:59:10","date_gmt":"2017-09-28T15:59:10","guid":{"rendered":"https:\/\/pos-graduacao.uepb.edu.br\/ppgss\/?p=753"},"modified":"2017-09-28T15:59:10","modified_gmt":"2017-09-28T15:59:10","slug":"prorrogadas-as-inscricoes-para-selecao-turma-2018","status":"publish","type":"post","link":"https:\/\/pos-graduacao.uepb.edu.br\/ppgss\/prorrogadas-as-inscricoes-para-selecao-turma-2018\/","title":{"rendered":"PRORROGADAS AS INSCRI\u00c7\u00d5ES PARA SELE\u00c7\u00c3O TURMA 2018"},"content":{"rendered":"<p>A Coordena\u00e7\u00e3o do Programa de P\u00f3s-Gradua\u00e7\u00e3o em Servi\u00e7o Social torna p\u00fablico aditivo que estabelece a prorroga\u00e7\u00e3o das inscri\u00e7\u00f5es para sele\u00e7\u00e3o do Mestrado Turma 2018. Para acessar \u00a0o aditivo <a href=\"https:\/\/pos-graduacao.uepb.edu.br\/ppgss\/?wpfb_dl=162\">clique aqui.<\/a><\/p>\n","protected":false},"excerpt":{"rendered":"<p>A Coordena\u00e7\u00e3o do Programa de P\u00f3s-Gradua\u00e7\u00e3o em Servi\u00e7o Social torna p\u00fablico aditivo que estabelece a prorroga\u00e7\u00e3o das inscri\u00e7\u00f5es para sele\u00e7\u00e3o do Mestrado Turma 2018. Para acessar \u00a0o aditivo clique aqui.<\/p>\n","protected":false},"author":40,"featured_media":0,"comment_status":"open","ping_status":"open","sticky":false,"template":"","format":"standard","meta":{"footnotes":""},"categories":[5],"tags":[],"class_list":["post-753","post","type-post","status-publish","format-standard","hentry","category-noticias"],"_links":{"self":[{"href":"https:\/\/pos-graduacao.uepb.edu.br\/ppgss\/wp-json\/wp\/v2\/posts\/753","targetHints":{"allow":["GET"]}}],"collection":[{"href":"https:\/\/pos-graduacao.uepb.edu.br\/ppgss\/wp-json\/wp\/v2\/posts"}],"about":[{"href":"https:\/\/pos-graduacao.uepb.edu.br\/ppgss\/wp-json\/wp\/v2\/types\/post"}],"author":[{"embeddable":true,"href":"https:\/\/pos-graduacao.uepb.edu.br\/ppgss\/wp-json\/wp\/v2\/users\/40"}],"replies":[{"embeddable":true,"href":"https:\/\/pos-graduacao.uepb.edu.br\/ppgss\/wp-json\/wp\/v2\/comments?post=753"}],"version-history":[{"count":1,"href":"https:\/\/pos-graduacao.uepb.edu.br\/ppgss\/wp-json\/wp\/v2\/posts\/753\/revisions"}],"predecessor-version":[{"id":754,"href":"https:\/\/pos-graduacao.uepb.edu.br\/ppgss\/wp-json\/wp\/v2\/posts\/753\/revisions\/754"}],"wp:attachment":[{"href":"https:\/\/pos-graduacao.uepb.edu.br\/ppgss\/wp-json\/wp\/v2\/media?parent=753"}],"wp:term":[{"taxonomy":"category","embeddable":true,"href":"https:\/\/pos-graduacao.uepb.edu.br\/ppgss\/wp-json\/wp\/v2\/categories?post=753"},{"taxonomy":"post_tag","embeddable":true,"href":"https:\/\/pos-graduacao.uepb.edu.br\/ppgss\/wp-json\/wp\/v2\/tags?post=753"}],"curies":[{"name":"wp","href":"https:\/\/api.w.org\/{rel}","templated":true}]}}