{"id":745,"date":"2017-09-20T11:20:25","date_gmt":"2017-09-20T11:20:25","guid":{"rendered":"https:\/\/pos-graduacao.uepb.edu.br\/ppgss\/?p=745"},"modified":"2017-09-20T11:20:25","modified_gmt":"2017-09-20T11:20:25","slug":"divulgada-a-lista-dos-candidatos-selecionados-para-o-minicurso","status":"publish","type":"post","link":"https:\/\/pos-graduacao.uepb.edu.br\/ppgss\/divulgada-a-lista-dos-candidatos-selecionados-para-o-minicurso\/","title":{"rendered":"DIVULGADA A LISTA DOS CANDIDATOS SELECIONADOS PARA O MINICURSO"},"content":{"rendered":"<p align=\"justify\"><span style=\"font-family: Arial, sans-serif\">A Coordena\u00e7\u00e3o do Programa de P\u00f3s-Gradua\u00e7\u00e3o em Servi\u00e7o Social torna p\u00fablico o resultado do Processo Seletivo para o preenchimento das vagas para participa\u00e7\u00e3o no minicurso \u201cP\u00d3S-MODERNIDADE E P\u00d3S- ESTRUTURALISMO: CONTRIBUI\u00c7\u00d5ES PARA O PENSAMENTO CONTEMPOR\u00c2NEO\u201d. Ao todo foram selecionados dezesseis (16) candidatos cuja lista pode ser acessada <a href=\"https:\/\/pos-graduacao.uepb.edu.br\/ppgss\/?wpfb_dl=160\">clicando aqui<\/a>.<\/span><\/p>\n","protected":false},"excerpt":{"rendered":"<p>A Coordena\u00e7\u00e3o do Programa de P\u00f3s-Gradua\u00e7\u00e3o em Servi\u00e7o Social torna p\u00fablico o resultado do Processo Seletivo para o preenchimento das vagas para participa\u00e7\u00e3o no minicurso \u201cP\u00d3S-MODERNIDADE E P\u00d3S- ESTRUTURALISMO: CONTRIBUI\u00c7\u00d5ES PARA O PENSAMENTO CONTEMPOR\u00c2NEO\u201d. Ao todo foram selecionados dezesseis (16) candidatos cuja lista pode ser acessada clicando aqui.<\/p>\n","protected":false},"author":40,"featured_media":0,"comment_status":"open","ping_status":"open","sticky":false,"template":"","format":"standard","meta":{"footnotes":""},"categories":[5],"tags":[],"class_list":["post-745","post","type-post","status-publish","format-standard","hentry","category-noticias"],"_links":{"self":[{"href":"https:\/\/pos-graduacao.uepb.edu.br\/ppgss\/wp-json\/wp\/v2\/posts\/745","targetHints":{"allow":["GET"]}}],"collection":[{"href":"https:\/\/pos-graduacao.uepb.edu.br\/ppgss\/wp-json\/wp\/v2\/posts"}],"about":[{"href":"https:\/\/pos-graduacao.uepb.edu.br\/ppgss\/wp-json\/wp\/v2\/types\/post"}],"author":[{"embeddable":true,"href":"https:\/\/pos-graduacao.uepb.edu.br\/ppgss\/wp-json\/wp\/v2\/users\/40"}],"replies":[{"embeddable":true,"href":"https:\/\/pos-graduacao.uepb.edu.br\/ppgss\/wp-json\/wp\/v2\/comments?post=745"}],"version-history":[{"count":2,"href":"https:\/\/pos-graduacao.uepb.edu.br\/ppgss\/wp-json\/wp\/v2\/posts\/745\/revisions"}],"predecessor-version":[{"id":747,"href":"https:\/\/pos-graduacao.uepb.edu.br\/ppgss\/wp-json\/wp\/v2\/posts\/745\/revisions\/747"}],"wp:attachment":[{"href":"https:\/\/pos-graduacao.uepb.edu.br\/ppgss\/wp-json\/wp\/v2\/media?parent=745"}],"wp:term":[{"taxonomy":"category","embeddable":true,"href":"https:\/\/pos-graduacao.uepb.edu.br\/ppgss\/wp-json\/wp\/v2\/categories?post=745"},{"taxonomy":"post_tag","embeddable":true,"href":"https:\/\/pos-graduacao.uepb.edu.br\/ppgss\/wp-json\/wp\/v2\/tags?post=745"}],"curies":[{"name":"wp","href":"https:\/\/api.w.org\/{rel}","templated":true}]}}