{"id":737,"date":"2017-09-12T15:20:36","date_gmt":"2017-09-12T15:20:36","guid":{"rendered":"https:\/\/pos-graduacao.uepb.edu.br\/ppgss\/?p=737"},"modified":"2017-09-12T15:21:46","modified_gmt":"2017-09-12T15:21:46","slug":"prorrogada-inscricoes-para-o-minicurso-pos-modernidade-e-pos-estruturalismo-contribuicoes-para-o-pensamento-contemporaneo","status":"publish","type":"post","link":"https:\/\/pos-graduacao.uepb.edu.br\/ppgss\/prorrogada-inscricoes-para-o-minicurso-pos-modernidade-e-pos-estruturalismo-contribuicoes-para-o-pensamento-contemporaneo\/","title":{"rendered":"Prorrogada Inscri\u00e7\u00f5es  para o Minicurso \u201cP\u00d3S-MODERNIDADE E P\u00d3S-ESTRUTURALISMO: CONTRIBUI\u00c7\u00d5ES PARA O PENSAMENTO CONTEMPOR\u00c2NEO\u201d"},"content":{"rendered":"<p>A Coordena\u00e7\u00e3o do Programa de P\u00f3s-Gradua\u00e7\u00e3o em Servi\u00e7o Social e a coordena\u00e7\u00e3o do Grupo Flor e Flor Estudos de G\u00eanero, tornam p\u00fablico \u00a0aditivo que estabelece a prorroga\u00e7\u00e3o das inscri\u00e7\u00f5es para participa\u00e7\u00e3o no minicurso \u201cP\u00d3S-MODERNIDADE E P\u00d3S-ESTRUTURALISMO: CONTRIBUI\u00c7\u00d5ES PARA O PENSAMENTO CONTEMPOR\u00c2NEO\u201d assim como um novo cronograma para an\u00e1lise das inscri\u00e7\u00f5es e divulga\u00e7\u00e3o dos selecionados.<\/p>\n<p>Para acessar o novo cronograma <a href=\"https:\/\/pos-graduacao.uepb.edu.br\/ppgss\/?wpfb_dl=158\">clique aqui<\/a>.<\/p>\n","protected":false},"excerpt":{"rendered":"<p>A Coordena\u00e7\u00e3o do Programa de P\u00f3s-Gradua\u00e7\u00e3o em Servi\u00e7o Social e a coordena\u00e7\u00e3o do Grupo Flor e Flor Estudos de G\u00eanero, tornam p\u00fablico \u00a0aditivo que estabelece a prorroga\u00e7\u00e3o das inscri\u00e7\u00f5es para participa\u00e7\u00e3o no minicurso \u201cP\u00d3S-MODERNIDADE E P\u00d3S-ESTRUTURALISMO: CONTRIBUI\u00c7\u00d5ES PARA O PENSAMENTO CONTEMPOR\u00c2NEO\u201d assim como um novo cronograma para an\u00e1lise das inscri\u00e7\u00f5es e divulga\u00e7\u00e3o dos selecionados. Para <a class=\"leiamais\" href=\"https:\/\/pos-graduacao.uepb.edu.br\/ppgss\/prorrogada-inscricoes-para-o-minicurso-pos-modernidade-e-pos-estruturalismo-contribuicoes-para-o-pensamento-contemporaneo\/\">Leia Mais&#8230;<\/a><\/p>\n","protected":false},"author":40,"featured_media":0,"comment_status":"open","ping_status":"open","sticky":false,"template":"","format":"standard","meta":{"footnotes":""},"categories":[5],"tags":[],"class_list":["post-737","post","type-post","status-publish","format-standard","hentry","category-noticias"],"_links":{"self":[{"href":"https:\/\/pos-graduacao.uepb.edu.br\/ppgss\/wp-json\/wp\/v2\/posts\/737","targetHints":{"allow":["GET"]}}],"collection":[{"href":"https:\/\/pos-graduacao.uepb.edu.br\/ppgss\/wp-json\/wp\/v2\/posts"}],"about":[{"href":"https:\/\/pos-graduacao.uepb.edu.br\/ppgss\/wp-json\/wp\/v2\/types\/post"}],"author":[{"embeddable":true,"href":"https:\/\/pos-graduacao.uepb.edu.br\/ppgss\/wp-json\/wp\/v2\/users\/40"}],"replies":[{"embeddable":true,"href":"https:\/\/pos-graduacao.uepb.edu.br\/ppgss\/wp-json\/wp\/v2\/comments?post=737"}],"version-history":[{"count":3,"href":"https:\/\/pos-graduacao.uepb.edu.br\/ppgss\/wp-json\/wp\/v2\/posts\/737\/revisions"}],"predecessor-version":[{"id":740,"href":"https:\/\/pos-graduacao.uepb.edu.br\/ppgss\/wp-json\/wp\/v2\/posts\/737\/revisions\/740"}],"wp:attachment":[{"href":"https:\/\/pos-graduacao.uepb.edu.br\/ppgss\/wp-json\/wp\/v2\/media?parent=737"}],"wp:term":[{"taxonomy":"category","embeddable":true,"href":"https:\/\/pos-graduacao.uepb.edu.br\/ppgss\/wp-json\/wp\/v2\/categories?post=737"},{"taxonomy":"post_tag","embeddable":true,"href":"https:\/\/pos-graduacao.uepb.edu.br\/ppgss\/wp-json\/wp\/v2\/tags?post=737"}],"curies":[{"name":"wp","href":"https:\/\/api.w.org\/{rel}","templated":true}]}}