{"id":731,"date":"2017-08-25T12:30:20","date_gmt":"2017-08-25T12:30:20","guid":{"rendered":"https:\/\/pos-graduacao.uepb.edu.br\/ppgss\/?p=731"},"modified":"2017-08-29T14:29:43","modified_gmt":"2017-08-29T14:29:43","slug":"lancado-edital-de-selecao-para-o-mini-curso-pos-modernidade-e-pos-estruturalismo-contribuicoes-para-o-pensamento-contemporaneo","status":"publish","type":"post","link":"https:\/\/pos-graduacao.uepb.edu.br\/ppgss\/lancado-edital-de-selecao-para-o-mini-curso-pos-modernidade-e-pos-estruturalismo-contribuicoes-para-o-pensamento-contemporaneo\/","title":{"rendered":"LAN\u00c7ADO EDITAL DE SELE\u00c7\u00c3O PARA O MINI CURSO \u201cP\u00d3S-MODERNIDADE E P\u00d3S-ESTRUTURALISMO: CONTRIBUI\u00c7\u00d5ES PARA O PENSAMENTO CONTEMPOR\u00c2NEO\u201d"},"content":{"rendered":"<p align=\"justify\"><span style=\"font-family: Arial, sans-serif\">A Coordena\u00e7\u00e3o do Programa de P\u00f3s-Gradua\u00e7\u00e3o em Servi\u00e7o Social e a coordena\u00e7\u00e3o do Grupo Flor e Flor Estudos de G\u00eanero, tornam p\u00fablico o presente Edital que estabelece as normas referentes ao Processo Seletivo para o preenchimento das vagas para participa\u00e7\u00e3o no minicurso \u201cP\u00d3S-MODERNIDADE E P\u00d3S-ESTRUTURALISMO: CONTRIBUI\u00c7\u00d5ES PARA O PENSAMENTO CONTEMPOR\u00c2NEO\u201d, organizado e coordenado pela professora Dr\u00aa Josilene Barbosa do Nascimento, bolsista do PNPD\/CAPES, que dever\u00e1 ocorrer na sala 340 do Grupo Flor e Flor Estudos de G\u00eanero, CIAC\/UEPB.<\/span><\/p>\n<p>Para acessar o edital <a href=\"https:\/\/pos-graduacao.uepb.edu.br\/ppgss\/?wpfb_dl=155\">clique aqui<\/a><\/p>\n","protected":false},"excerpt":{"rendered":"<p>A Coordena\u00e7\u00e3o do Programa de P\u00f3s-Gradua\u00e7\u00e3o em Servi\u00e7o Social e a coordena\u00e7\u00e3o do Grupo Flor e Flor Estudos de G\u00eanero, tornam p\u00fablico o presente Edital que estabelece as normas referentes ao Processo Seletivo para o preenchimento das vagas para participa\u00e7\u00e3o no minicurso \u201cP\u00d3S-MODERNIDADE E P\u00d3S-ESTRUTURALISMO: CONTRIBUI\u00c7\u00d5ES PARA O PENSAMENTO CONTEMPOR\u00c2NEO\u201d, organizado e coordenado pela professora <a class=\"leiamais\" href=\"https:\/\/pos-graduacao.uepb.edu.br\/ppgss\/lancado-edital-de-selecao-para-o-mini-curso-pos-modernidade-e-pos-estruturalismo-contribuicoes-para-o-pensamento-contemporaneo\/\">Leia Mais&#8230;<\/a><\/p>\n","protected":false},"author":40,"featured_media":0,"comment_status":"open","ping_status":"open","sticky":false,"template":"","format":"standard","meta":{"footnotes":""},"categories":[5],"tags":[],"class_list":["post-731","post","type-post","status-publish","format-standard","hentry","category-noticias"],"_links":{"self":[{"href":"https:\/\/pos-graduacao.uepb.edu.br\/ppgss\/wp-json\/wp\/v2\/posts\/731","targetHints":{"allow":["GET"]}}],"collection":[{"href":"https:\/\/pos-graduacao.uepb.edu.br\/ppgss\/wp-json\/wp\/v2\/posts"}],"about":[{"href":"https:\/\/pos-graduacao.uepb.edu.br\/ppgss\/wp-json\/wp\/v2\/types\/post"}],"author":[{"embeddable":true,"href":"https:\/\/pos-graduacao.uepb.edu.br\/ppgss\/wp-json\/wp\/v2\/users\/40"}],"replies":[{"embeddable":true,"href":"https:\/\/pos-graduacao.uepb.edu.br\/ppgss\/wp-json\/wp\/v2\/comments?post=731"}],"version-history":[{"count":2,"href":"https:\/\/pos-graduacao.uepb.edu.br\/ppgss\/wp-json\/wp\/v2\/posts\/731\/revisions"}],"predecessor-version":[{"id":733,"href":"https:\/\/pos-graduacao.uepb.edu.br\/ppgss\/wp-json\/wp\/v2\/posts\/731\/revisions\/733"}],"wp:attachment":[{"href":"https:\/\/pos-graduacao.uepb.edu.br\/ppgss\/wp-json\/wp\/v2\/media?parent=731"}],"wp:term":[{"taxonomy":"category","embeddable":true,"href":"https:\/\/pos-graduacao.uepb.edu.br\/ppgss\/wp-json\/wp\/v2\/categories?post=731"},{"taxonomy":"post_tag","embeddable":true,"href":"https:\/\/pos-graduacao.uepb.edu.br\/ppgss\/wp-json\/wp\/v2\/tags?post=731"}],"curies":[{"name":"wp","href":"https:\/\/api.w.org\/{rel}","templated":true}]}}