{"id":721,"date":"2017-08-11T12:07:10","date_gmt":"2017-08-11T12:07:10","guid":{"rendered":"https:\/\/pos-graduacao.uepb.edu.br\/ppgss\/?p=721"},"modified":"2017-08-15T15:02:32","modified_gmt":"2017-08-15T15:02:32","slug":"selecao-para-aluno-especial","status":"publish","type":"post","link":"https:\/\/pos-graduacao.uepb.edu.br\/ppgss\/selecao-para-aluno-especial\/","title":{"rendered":"SELE\u00c7\u00c3O PARA ALUNO ESPECIAL DISCIPLINA\u00a0G\u00caNERO, ETNIA\/RA\u00c7A, GERA\u00c7\u00c3O E DIVERSIDADE CULTURAL SEMESTRE 2017.2"},"content":{"rendered":"<p>O Mestrado em Servi\u00e7o Social lan\u00e7a edital para sele\u00e7\u00e3o de alunos especiais da Linha 2: G\u00eanero, Diversidade e Rela\u00e7\u00f5es de Poder ao todo ser\u00e3o ofertadas 16 vagas para a disciplina\u00a0G\u00caNERO, ETNIA\/RA\u00c7A, GERA\u00c7\u00c3O E DIVERSIDADE CULTURAL semestre 2017.2. Para acessar o edital <span style=\"color: #0000ff\"><a href=\"https:\/\/pos-graduacao.uepb.edu.br\/ppgss\/?wpfb_dl=150\">clique aqui<\/a><\/span><\/p>\n","protected":false},"excerpt":{"rendered":"<p>O Mestrado em Servi\u00e7o Social lan\u00e7a edital para sele\u00e7\u00e3o de alunos especiais da Linha 2: G\u00eanero, Diversidade e Rela\u00e7\u00f5es de Poder ao todo ser\u00e3o ofertadas 16 vagas para a disciplina\u00a0G\u00caNERO, ETNIA\/RA\u00c7A, GERA\u00c7\u00c3O E DIVERSIDADE CULTURAL semestre 2017.2. Para acessar o edital clique aqui<\/p>\n","protected":false},"author":22,"featured_media":0,"comment_status":"open","ping_status":"open","sticky":false,"template":"","format":"standard","meta":{"footnotes":""},"categories":[5],"tags":[],"class_list":["post-721","post","type-post","status-publish","format-standard","hentry","category-noticias"],"_links":{"self":[{"href":"https:\/\/pos-graduacao.uepb.edu.br\/ppgss\/wp-json\/wp\/v2\/posts\/721","targetHints":{"allow":["GET"]}}],"collection":[{"href":"https:\/\/pos-graduacao.uepb.edu.br\/ppgss\/wp-json\/wp\/v2\/posts"}],"about":[{"href":"https:\/\/pos-graduacao.uepb.edu.br\/ppgss\/wp-json\/wp\/v2\/types\/post"}],"author":[{"embeddable":true,"href":"https:\/\/pos-graduacao.uepb.edu.br\/ppgss\/wp-json\/wp\/v2\/users\/22"}],"replies":[{"embeddable":true,"href":"https:\/\/pos-graduacao.uepb.edu.br\/ppgss\/wp-json\/wp\/v2\/comments?post=721"}],"version-history":[{"count":3,"href":"https:\/\/pos-graduacao.uepb.edu.br\/ppgss\/wp-json\/wp\/v2\/posts\/721\/revisions"}],"predecessor-version":[{"id":725,"href":"https:\/\/pos-graduacao.uepb.edu.br\/ppgss\/wp-json\/wp\/v2\/posts\/721\/revisions\/725"}],"wp:attachment":[{"href":"https:\/\/pos-graduacao.uepb.edu.br\/ppgss\/wp-json\/wp\/v2\/media?parent=721"}],"wp:term":[{"taxonomy":"category","embeddable":true,"href":"https:\/\/pos-graduacao.uepb.edu.br\/ppgss\/wp-json\/wp\/v2\/categories?post=721"},{"taxonomy":"post_tag","embeddable":true,"href":"https:\/\/pos-graduacao.uepb.edu.br\/ppgss\/wp-json\/wp\/v2\/tags?post=721"}],"curies":[{"name":"wp","href":"https:\/\/api.w.org\/{rel}","templated":true}]}}