{"id":642,"date":"2017-02-16T13:42:02","date_gmt":"2017-02-16T13:42:02","guid":{"rendered":"https:\/\/pos-graduacao.uepb.edu.br\/ppgss\/?p=642"},"modified":"2017-02-16T13:42:02","modified_gmt":"2017-02-16T13:42:02","slug":"mestrado-em-servico-social-divulga-edital-de-selecao-para-aluno-especial-2017-1","status":"publish","type":"post","link":"https:\/\/pos-graduacao.uepb.edu.br\/ppgss\/mestrado-em-servico-social-divulga-edital-de-selecao-para-aluno-especial-2017-1\/","title":{"rendered":"MESTRADO EM SERVI\u00c7O SOCIAL DIVULGA EDITAL DE SELE\u00c7\u00c3O PARA ALUNO ESPECIAL 2017.1"},"content":{"rendered":"<p class=\"western\" lang=\"en-US\" align=\"justify\"><span lang=\"pt-BR\">A Coordena\u00e7\u00e3o do Programa de P\u00f3s-Gradua\u00e7\u00e3o em Servi\u00e7o Social,<\/span> <span lang=\"pt-BR\">em<\/span> <span lang=\"pt-BR\">conformidade<\/span> <span lang=\"pt-BR\">com<\/span> <span lang=\"pt-BR\">o<\/span> <span lang=\"pt-BR\">Regulamento<\/span> <span lang=\"pt-BR\">Geral<\/span> <span lang=\"pt-BR\">dos<\/span> <span lang=\"pt-BR\">Cursos<\/span> <span lang=\"pt-BR\">e<\/span> <span lang=\"pt-BR\">Programas<\/span> <span lang=\"pt-BR\">de<\/span> <span lang=\"pt-BR\">P\u00f3s-Gradua\u00e7\u00e3o <\/span><span lang=\"pt-BR\">Stricto <\/span><span lang=\"pt-BR\">Sensu da Universidade Estadual da Para\u00edba (RESOLU\u00c7\u00c3O\/UEPB\/CONSUNI\/20\/2005) e o Regimento Interno do Curso, torna p\u00fablico o edital para sele\u00e7\u00e3o de aluno especial para a disciplina &#8220;<\/span>CRISE CAPITALISTA, NEOLIBERALISMO E POL\u00cdTICAS SOCIAIS&#8221; , ao todo ser\u00e3o ofertadas 10 vagas.\u00a0Todas as normas do processo seletivo est\u00e3o dispon\u00edveis no edital, que pode ser acessado clicando\u00a0<span style=\"color: #0000ff\"><a style=\"color: #0000ff\" href=\"https:\/\/pos-graduacao.uepb.edu.br\/ppgss\/?wpfb_dl=135\">AQUI<\/a><\/span>. Outras informa\u00e7\u00f5es podem ser obtidas pelo telefone (83) 3344 \u2013 5324.<\/p>\n","protected":false},"excerpt":{"rendered":"<p>A Coordena\u00e7\u00e3o do Programa de P\u00f3s-Gradua\u00e7\u00e3o em Servi\u00e7o Social, em conformidade com o Regulamento Geral dos Cursos e Programas de P\u00f3s-Gradua\u00e7\u00e3o Stricto Sensu da Universidade Estadual da Para\u00edba (RESOLU\u00c7\u00c3O\/UEPB\/CONSUNI\/20\/2005) e o Regimento Interno do Curso, torna p\u00fablico o edital para sele\u00e7\u00e3o de aluno especial para a disciplina &#8220;CRISE CAPITALISTA, NEOLIBERALISMO E POL\u00cdTICAS SOCIAIS&#8221; , ao <a class=\"leiamais\" href=\"https:\/\/pos-graduacao.uepb.edu.br\/ppgss\/mestrado-em-servico-social-divulga-edital-de-selecao-para-aluno-especial-2017-1\/\">Leia Mais&#8230;<\/a><\/p>\n","protected":false},"author":22,"featured_media":0,"comment_status":"open","ping_status":"open","sticky":false,"template":"","format":"standard","meta":{"footnotes":""},"categories":[5],"tags":[],"class_list":["post-642","post","type-post","status-publish","format-standard","hentry","category-noticias"],"_links":{"self":[{"href":"https:\/\/pos-graduacao.uepb.edu.br\/ppgss\/wp-json\/wp\/v2\/posts\/642","targetHints":{"allow":["GET"]}}],"collection":[{"href":"https:\/\/pos-graduacao.uepb.edu.br\/ppgss\/wp-json\/wp\/v2\/posts"}],"about":[{"href":"https:\/\/pos-graduacao.uepb.edu.br\/ppgss\/wp-json\/wp\/v2\/types\/post"}],"author":[{"embeddable":true,"href":"https:\/\/pos-graduacao.uepb.edu.br\/ppgss\/wp-json\/wp\/v2\/users\/22"}],"replies":[{"embeddable":true,"href":"https:\/\/pos-graduacao.uepb.edu.br\/ppgss\/wp-json\/wp\/v2\/comments?post=642"}],"version-history":[{"count":1,"href":"https:\/\/pos-graduacao.uepb.edu.br\/ppgss\/wp-json\/wp\/v2\/posts\/642\/revisions"}],"predecessor-version":[{"id":643,"href":"https:\/\/pos-graduacao.uepb.edu.br\/ppgss\/wp-json\/wp\/v2\/posts\/642\/revisions\/643"}],"wp:attachment":[{"href":"https:\/\/pos-graduacao.uepb.edu.br\/ppgss\/wp-json\/wp\/v2\/media?parent=642"}],"wp:term":[{"taxonomy":"category","embeddable":true,"href":"https:\/\/pos-graduacao.uepb.edu.br\/ppgss\/wp-json\/wp\/v2\/categories?post=642"},{"taxonomy":"post_tag","embeddable":true,"href":"https:\/\/pos-graduacao.uepb.edu.br\/ppgss\/wp-json\/wp\/v2\/tags?post=642"}],"curies":[{"name":"wp","href":"https:\/\/api.w.org\/{rel}","templated":true}]}}