{"id":614,"date":"2016-09-30T11:27:14","date_gmt":"2016-09-30T11:27:14","guid":{"rendered":"https:\/\/pos-graduacao.uepb.edu.br\/ppgss\/?p=614"},"modified":"2016-09-30T11:31:43","modified_gmt":"2016-09-30T11:31:43","slug":"prorrogacao-de-inscricao-e-alteracao-do-cronograma-do-processo-seletivo-2017","status":"publish","type":"post","link":"https:\/\/pos-graduacao.uepb.edu.br\/ppgss\/prorrogacao-de-inscricao-e-alteracao-do-cronograma-do-processo-seletivo-2017\/","title":{"rendered":"PRORROGA\u00c7\u00c3O DE INSCRI\u00c7\u00c3O E ALTERA\u00c7\u00c3O DO CRONOGRAMA DO PROCESSO SELETIVO 2017"},"content":{"rendered":"<p class=\"western\" lang=\"en-US\" align=\"justify\"><span style=\"font-family: 'Times New Roman', serif\"><span style=\"font-size: medium\"><span lang=\"pt-BR\"><b>A comiss\u00e3o de sele\u00e7\u00e3o do processo seletivo para ingresso de alunos regulares no Programa de P\u00f3s-Gradua\u00e7\u00e3o em Servi\u00e7o Social da UEPB para o ano letivo de 2017 torna p\u00fablico o termo aditivo ao Edital 02\/2016 que faz altera\u00e7\u00f5es no cronograma do referido processo. Para acessar o aditivo clique <a href=\"https:\/\/pos-graduacao.uepb.edu.br\/ppgss\/?wpfb_dl=126\"><span style=\"color: #0000ff\">AQUI<\/span><\/a><\/b><\/span><\/span><\/span><\/p>\n","protected":false},"excerpt":{"rendered":"<p>A comiss\u00e3o de sele\u00e7\u00e3o do processo seletivo para ingresso de alunos regulares no Programa de P\u00f3s-Gradua\u00e7\u00e3o em Servi\u00e7o Social da UEPB para o ano letivo de 2017 torna p\u00fablico o termo aditivo ao Edital 02\/2016 que faz altera\u00e7\u00f5es no cronograma do referido processo. Para acessar o aditivo clique AQUI<\/p>\n","protected":false},"author":22,"featured_media":0,"comment_status":"open","ping_status":"open","sticky":false,"template":"","format":"standard","meta":{"footnotes":""},"categories":[5],"tags":[],"class_list":["post-614","post","type-post","status-publish","format-standard","hentry","category-noticias"],"_links":{"self":[{"href":"https:\/\/pos-graduacao.uepb.edu.br\/ppgss\/wp-json\/wp\/v2\/posts\/614","targetHints":{"allow":["GET"]}}],"collection":[{"href":"https:\/\/pos-graduacao.uepb.edu.br\/ppgss\/wp-json\/wp\/v2\/posts"}],"about":[{"href":"https:\/\/pos-graduacao.uepb.edu.br\/ppgss\/wp-json\/wp\/v2\/types\/post"}],"author":[{"embeddable":true,"href":"https:\/\/pos-graduacao.uepb.edu.br\/ppgss\/wp-json\/wp\/v2\/users\/22"}],"replies":[{"embeddable":true,"href":"https:\/\/pos-graduacao.uepb.edu.br\/ppgss\/wp-json\/wp\/v2\/comments?post=614"}],"version-history":[{"count":1,"href":"https:\/\/pos-graduacao.uepb.edu.br\/ppgss\/wp-json\/wp\/v2\/posts\/614\/revisions"}],"predecessor-version":[{"id":615,"href":"https:\/\/pos-graduacao.uepb.edu.br\/ppgss\/wp-json\/wp\/v2\/posts\/614\/revisions\/615"}],"wp:attachment":[{"href":"https:\/\/pos-graduacao.uepb.edu.br\/ppgss\/wp-json\/wp\/v2\/media?parent=614"}],"wp:term":[{"taxonomy":"category","embeddable":true,"href":"https:\/\/pos-graduacao.uepb.edu.br\/ppgss\/wp-json\/wp\/v2\/categories?post=614"},{"taxonomy":"post_tag","embeddable":true,"href":"https:\/\/pos-graduacao.uepb.edu.br\/ppgss\/wp-json\/wp\/v2\/tags?post=614"}],"curies":[{"name":"wp","href":"https:\/\/api.w.org\/{rel}","templated":true}]}}