{"id":600,"date":"2016-08-26T13:36:44","date_gmt":"2016-08-26T13:36:44","guid":{"rendered":"https:\/\/pos-graduacao.uepb.edu.br\/ppgss\/?p=600"},"modified":"2016-08-26T13:39:13","modified_gmt":"2016-08-26T13:39:13","slug":"ppgss-realiza-evento-em-comemoracao-aos-80-anos-do-servico-social","status":"publish","type":"post","link":"https:\/\/pos-graduacao.uepb.edu.br\/ppgss\/ppgss-realiza-evento-em-comemoracao-aos-80-anos-do-servico-social\/","title":{"rendered":"PPGSS REALIZA EVENTO EM COMEMORA\u00c7\u00c3O AOS 80 ANOS DO SERVI\u00c7O SOCIAL"},"content":{"rendered":"<p align=\"justify\"><span style=\"font-family: 'Times New Roman', serif\">O Programa de P\u00f3s Gradua\u00e7\u00e3o em Servi\u00e7o Social realizar\u00e1 nos dia 01 e 02 de setembro no audit\u00f3rio III da CIAC o mini curso \u201c Valores \u00c9ticos Expressos na Sociedade Contempor\u00e2nea e suas inflex\u00f5es no Servi\u00e7o Social\u201d tendo como p\u00fablico-alvo: os docentes da Gradua\u00e7\u00e3o e da P\u00f3s Gradua\u00e7\u00e3o; os discentes do PPGSS e os membros dos Grupos de Pesquisa da Gradua\u00e7\u00e3o em Servi\u00e7o Social. O evento ter\u00e1 como ministrante a <span style=\"color: #000000\"><span style=\"font-size: medium\">Dr\u00aa Olegna Guedes \u2013 Universidade Estadual de Londrina \u2013 e compreender\u00e1 12 horas\/aula.<a href=\"https:\/\/pos-graduacao.uepb.edu.br\/ppgss\/files\/2016\/08\/1-Convite-para-Minicurso.jpg\"><img loading=\"lazy\" decoding=\"async\" class=\"aligncenter size-medium wp-image-601 img-responsive\" src=\"https:\/\/pos-graduacao.uepb.edu.br\/ppgss\/files\/2016\/08\/1-Convite-para-Minicurso-300x271.jpg\" alt=\"1 - Convite para Minicurso\" width=\"300\" height=\"271\" srcset=\"https:\/\/pos-graduacao.uepb.edu.br\/ppgss\/files\/2016\/08\/1-Convite-para-Minicurso-300x271.jpg 300w, https:\/\/pos-graduacao.uepb.edu.br\/ppgss\/files\/2016\/08\/1-Convite-para-Minicurso-370x335.jpg 370w, https:\/\/pos-graduacao.uepb.edu.br\/ppgss\/files\/2016\/08\/1-Convite-para-Minicurso.jpg 575w\" sizes=\"auto, (max-width: 300px) 100vw, 300px\" \/><\/a><\/span><\/span><\/span><\/p>\n","protected":false},"excerpt":{"rendered":"<p>O Programa de P\u00f3s Gradua\u00e7\u00e3o em Servi\u00e7o Social realizar\u00e1 nos dia 01 e 02 de setembro no audit\u00f3rio III da CIAC o mini curso \u201c Valores \u00c9ticos Expressos na Sociedade Contempor\u00e2nea e suas inflex\u00f5es no Servi\u00e7o Social\u201d tendo como p\u00fablico-alvo: os docentes da Gradua\u00e7\u00e3o e da P\u00f3s Gradua\u00e7\u00e3o; os discentes do PPGSS e os membros <a class=\"leiamais\" href=\"https:\/\/pos-graduacao.uepb.edu.br\/ppgss\/ppgss-realiza-evento-em-comemoracao-aos-80-anos-do-servico-social\/\">Leia Mais&#8230;<\/a><\/p>\n","protected":false},"author":22,"featured_media":0,"comment_status":"open","ping_status":"open","sticky":false,"template":"","format":"standard","meta":{"footnotes":""},"categories":[5],"tags":[],"class_list":["post-600","post","type-post","status-publish","format-standard","hentry","category-noticias"],"_links":{"self":[{"href":"https:\/\/pos-graduacao.uepb.edu.br\/ppgss\/wp-json\/wp\/v2\/posts\/600","targetHints":{"allow":["GET"]}}],"collection":[{"href":"https:\/\/pos-graduacao.uepb.edu.br\/ppgss\/wp-json\/wp\/v2\/posts"}],"about":[{"href":"https:\/\/pos-graduacao.uepb.edu.br\/ppgss\/wp-json\/wp\/v2\/types\/post"}],"author":[{"embeddable":true,"href":"https:\/\/pos-graduacao.uepb.edu.br\/ppgss\/wp-json\/wp\/v2\/users\/22"}],"replies":[{"embeddable":true,"href":"https:\/\/pos-graduacao.uepb.edu.br\/ppgss\/wp-json\/wp\/v2\/comments?post=600"}],"version-history":[{"count":2,"href":"https:\/\/pos-graduacao.uepb.edu.br\/ppgss\/wp-json\/wp\/v2\/posts\/600\/revisions"}],"predecessor-version":[{"id":603,"href":"https:\/\/pos-graduacao.uepb.edu.br\/ppgss\/wp-json\/wp\/v2\/posts\/600\/revisions\/603"}],"wp:attachment":[{"href":"https:\/\/pos-graduacao.uepb.edu.br\/ppgss\/wp-json\/wp\/v2\/media?parent=600"}],"wp:term":[{"taxonomy":"category","embeddable":true,"href":"https:\/\/pos-graduacao.uepb.edu.br\/ppgss\/wp-json\/wp\/v2\/categories?post=600"},{"taxonomy":"post_tag","embeddable":true,"href":"https:\/\/pos-graduacao.uepb.edu.br\/ppgss\/wp-json\/wp\/v2\/tags?post=600"}],"curies":[{"name":"wp","href":"https:\/\/api.w.org\/{rel}","templated":true}]}}