{"id":588,"date":"2016-08-25T11:58:17","date_gmt":"2016-08-25T11:58:17","guid":{"rendered":"https:\/\/pos-graduacao.uepb.edu.br\/ppgss\/?p=588"},"modified":"2016-08-25T11:58:17","modified_gmt":"2016-08-25T11:58:17","slug":"ppgss-lanca-edital-de-selecao-para-turma-2017","status":"publish","type":"post","link":"https:\/\/pos-graduacao.uepb.edu.br\/ppgss\/ppgss-lanca-edital-de-selecao-para-turma-2017\/","title":{"rendered":"PPGSS LAN\u00c7A EDITAL DE SELE\u00c7\u00c3O PARA TURMA 2017"},"content":{"rendered":"<p align=\"justify\"><span style=\"font-family: 'Liberation Serif', 'Times New Roman', serif\"><span style=\"font-size: medium\"><span style=\"font-family: 'Arial Black', sans-serif\">O Programa de P\u00f3s-Gradua\u00e7\u00e3o em Servi\u00e7o Social da Universidade Estadual da Para\u00edba estar\u00e1 abrindo inscri\u00e7\u00e3o para o processo seletivo de alunos regulares para o ano letivo de 2017 no per\u00edodo de 15 de setembro de 2016 a 03 de outubro de 2016. O programa possui \u00e1rea de concentra\u00e7\u00e3o em \u201c<\/span><span style=\"font-family: 'Arial Black', sans-serif\"><b>SERVI\u00c7O SOCIAL, QUEST\u00c3O SOCIAL E DIREITOS SOCIAIS\u201d e duas linhas de pesquisa: 1.G\u00caNERO, DIVERSIDADE E RELA\u00c7\u00d5ES DE PODER; 2.SERVI\u00c7O SOCIAL, ESTADO, TRABALHO E POL\u00cdTICAS SOCIAIS. <\/b><\/span><span style=\"font-family: 'Arial Black', sans-serif\">Para acessar o edital, <a href=\"https:\/\/pos-graduacao.uepb.edu.br\/ppgss\/?wpfb_dl=125\">clique aqui<\/a><\/span><\/span><\/span><\/p>\n","protected":false},"excerpt":{"rendered":"<p>O Programa de P\u00f3s-Gradua\u00e7\u00e3o em Servi\u00e7o Social da Universidade Estadual da Para\u00edba estar\u00e1 abrindo inscri\u00e7\u00e3o para o processo seletivo de alunos regulares para o ano letivo de 2017 no per\u00edodo de 15 de setembro de 2016 a 03 de outubro de 2016. O programa possui \u00e1rea de concentra\u00e7\u00e3o em \u201cSERVI\u00c7O SOCIAL, QUEST\u00c3O SOCIAL E DIREITOS <a class=\"leiamais\" href=\"https:\/\/pos-graduacao.uepb.edu.br\/ppgss\/ppgss-lanca-edital-de-selecao-para-turma-2017\/\">Leia Mais&#8230;<\/a><\/p>\n","protected":false},"author":22,"featured_media":0,"comment_status":"open","ping_status":"open","sticky":false,"template":"","format":"standard","meta":{"footnotes":""},"categories":[5],"tags":[],"class_list":["post-588","post","type-post","status-publish","format-standard","hentry","category-noticias"],"_links":{"self":[{"href":"https:\/\/pos-graduacao.uepb.edu.br\/ppgss\/wp-json\/wp\/v2\/posts\/588","targetHints":{"allow":["GET"]}}],"collection":[{"href":"https:\/\/pos-graduacao.uepb.edu.br\/ppgss\/wp-json\/wp\/v2\/posts"}],"about":[{"href":"https:\/\/pos-graduacao.uepb.edu.br\/ppgss\/wp-json\/wp\/v2\/types\/post"}],"author":[{"embeddable":true,"href":"https:\/\/pos-graduacao.uepb.edu.br\/ppgss\/wp-json\/wp\/v2\/users\/22"}],"replies":[{"embeddable":true,"href":"https:\/\/pos-graduacao.uepb.edu.br\/ppgss\/wp-json\/wp\/v2\/comments?post=588"}],"version-history":[{"count":2,"href":"https:\/\/pos-graduacao.uepb.edu.br\/ppgss\/wp-json\/wp\/v2\/posts\/588\/revisions"}],"predecessor-version":[{"id":590,"href":"https:\/\/pos-graduacao.uepb.edu.br\/ppgss\/wp-json\/wp\/v2\/posts\/588\/revisions\/590"}],"wp:attachment":[{"href":"https:\/\/pos-graduacao.uepb.edu.br\/ppgss\/wp-json\/wp\/v2\/media?parent=588"}],"wp:term":[{"taxonomy":"category","embeddable":true,"href":"https:\/\/pos-graduacao.uepb.edu.br\/ppgss\/wp-json\/wp\/v2\/categories?post=588"},{"taxonomy":"post_tag","embeddable":true,"href":"https:\/\/pos-graduacao.uepb.edu.br\/ppgss\/wp-json\/wp\/v2\/tags?post=588"}],"curies":[{"name":"wp","href":"https:\/\/api.w.org\/{rel}","templated":true}]}}