{"id":558,"date":"2015-08-26T12:40:09","date_gmt":"2015-08-26T12:40:09","guid":{"rendered":"https:\/\/pos-graduacao.uepb.edu.br\/ppgss\/?p=558"},"modified":"2015-08-26T12:40:09","modified_gmt":"2015-08-26T12:40:09","slug":"calendario-das-defesas-das-dissertacoes-do-mestrado","status":"publish","type":"post","link":"https:\/\/pos-graduacao.uepb.edu.br\/ppgss\/calendario-das-defesas-das-dissertacoes-do-mestrado\/","title":{"rendered":"Calend\u00e1rio das defesas das Disserta\u00e7\u00f5es do Mestrado"},"content":{"rendered":"<p>A Coordena\u00e7\u00e3o do Programa da P\u00f3s Gradua\u00e7\u00e3o em Servi\u00e7o Social divulga o calend\u00e1rio das defesas das Disserta\u00e7\u00f5es do Mestrado. Para ver o calend\u00e1rio \u00a0[wpfilebase tag=fileurl id=104 linktext=&#8217;Clique Aqui&#8217; \/]<\/p>\n","protected":false},"excerpt":{"rendered":"<p>A Coordena\u00e7\u00e3o do Programa da P\u00f3s Gradua\u00e7\u00e3o em Servi\u00e7o Social divulga o calend\u00e1rio das defesas das Disserta\u00e7\u00f5es do Mestrado. Para ver o calend\u00e1rio \u00a0[wpfilebase tag=fileurl id=104 linktext=&#8217;Clique Aqui&#8217; \/]<\/p>\n","protected":false},"author":22,"featured_media":0,"comment_status":"open","ping_status":"open","sticky":false,"template":"","format":"standard","meta":{"footnotes":""},"categories":[5],"tags":[],"class_list":["post-558","post","type-post","status-publish","format-standard","hentry","category-noticias"],"_links":{"self":[{"href":"https:\/\/pos-graduacao.uepb.edu.br\/ppgss\/wp-json\/wp\/v2\/posts\/558","targetHints":{"allow":["GET"]}}],"collection":[{"href":"https:\/\/pos-graduacao.uepb.edu.br\/ppgss\/wp-json\/wp\/v2\/posts"}],"about":[{"href":"https:\/\/pos-graduacao.uepb.edu.br\/ppgss\/wp-json\/wp\/v2\/types\/post"}],"author":[{"embeddable":true,"href":"https:\/\/pos-graduacao.uepb.edu.br\/ppgss\/wp-json\/wp\/v2\/users\/22"}],"replies":[{"embeddable":true,"href":"https:\/\/pos-graduacao.uepb.edu.br\/ppgss\/wp-json\/wp\/v2\/comments?post=558"}],"version-history":[{"count":2,"href":"https:\/\/pos-graduacao.uepb.edu.br\/ppgss\/wp-json\/wp\/v2\/posts\/558\/revisions"}],"predecessor-version":[{"id":560,"href":"https:\/\/pos-graduacao.uepb.edu.br\/ppgss\/wp-json\/wp\/v2\/posts\/558\/revisions\/560"}],"wp:attachment":[{"href":"https:\/\/pos-graduacao.uepb.edu.br\/ppgss\/wp-json\/wp\/v2\/media?parent=558"}],"wp:term":[{"taxonomy":"category","embeddable":true,"href":"https:\/\/pos-graduacao.uepb.edu.br\/ppgss\/wp-json\/wp\/v2\/categories?post=558"},{"taxonomy":"post_tag","embeddable":true,"href":"https:\/\/pos-graduacao.uepb.edu.br\/ppgss\/wp-json\/wp\/v2\/tags?post=558"}],"curies":[{"name":"wp","href":"https:\/\/api.w.org\/{rel}","templated":true}]}}