{"id":543,"date":"2015-02-05T18:23:49","date_gmt":"2015-02-05T18:23:49","guid":{"rendered":"https:\/\/pos-graduacao.uepb.edu.br\/ppgss\/?p=543"},"modified":"2015-02-05T18:27:33","modified_gmt":"2015-02-05T18:27:33","slug":"mestrado-em-servico-social-matriculas","status":"publish","type":"post","link":"https:\/\/pos-graduacao.uepb.edu.br\/ppgss\/mestrado-em-servico-social-matriculas\/","title":{"rendered":"Mestrado em Servi\u00e7o Social &#8211; Matr\u00edculas"},"content":{"rendered":"<pre>    A Coordena\u00e7\u00e3o da P\u00f3s-Gradua\u00e7\u00e3o em Servi\u00e7o Social informa que o per\u00edodo de matr\u00edcula ser\u00e1 entre os dias 11 a 13 de mar\u00e7o de 2015, nos hor\u00e1rios das 9h \u00e0s 12h e das 14h \u00e0s 16h. A matr\u00edcula poder\u00e1 ser efetuada de forma presencial ou mediante procura\u00e7\u00e3o, no pr\u00e9dio da Central de Aulas, 3\u00ba andar, sala 309.\r\n   Para esclarecimentos de qualquer d\u00favida, os interessados podem entrar em contato com a Secretaria do Mestrado no telefone (83) 3344-5324<\/pre>\n","protected":false},"excerpt":{"rendered":"<p>A Coordena\u00e7\u00e3o da P\u00f3s-Gradua\u00e7\u00e3o em Servi\u00e7o Social informa que o per\u00edodo de matr\u00edcula ser\u00e1 entre os dias 11 a 13 de mar\u00e7o de 2015, nos hor\u00e1rios das 9h \u00e0s 12h e das 14h \u00e0s 16h. A matr\u00edcula poder\u00e1 ser efetuada de forma presencial ou mediante procura\u00e7\u00e3o, no pr\u00e9dio da Central de Aulas, 3\u00ba andar, sala <a class=\"leiamais\" href=\"https:\/\/pos-graduacao.uepb.edu.br\/ppgss\/mestrado-em-servico-social-matriculas\/\">Leia Mais&#8230;<\/a><\/p>\n","protected":false},"author":22,"featured_media":0,"comment_status":"open","ping_status":"open","sticky":false,"template":"","format":"standard","meta":{"footnotes":""},"categories":[5],"tags":[],"class_list":["post-543","post","type-post","status-publish","format-standard","hentry","category-noticias"],"_links":{"self":[{"href":"https:\/\/pos-graduacao.uepb.edu.br\/ppgss\/wp-json\/wp\/v2\/posts\/543","targetHints":{"allow":["GET"]}}],"collection":[{"href":"https:\/\/pos-graduacao.uepb.edu.br\/ppgss\/wp-json\/wp\/v2\/posts"}],"about":[{"href":"https:\/\/pos-graduacao.uepb.edu.br\/ppgss\/wp-json\/wp\/v2\/types\/post"}],"author":[{"embeddable":true,"href":"https:\/\/pos-graduacao.uepb.edu.br\/ppgss\/wp-json\/wp\/v2\/users\/22"}],"replies":[{"embeddable":true,"href":"https:\/\/pos-graduacao.uepb.edu.br\/ppgss\/wp-json\/wp\/v2\/comments?post=543"}],"version-history":[{"count":3,"href":"https:\/\/pos-graduacao.uepb.edu.br\/ppgss\/wp-json\/wp\/v2\/posts\/543\/revisions"}],"predecessor-version":[{"id":546,"href":"https:\/\/pos-graduacao.uepb.edu.br\/ppgss\/wp-json\/wp\/v2\/posts\/543\/revisions\/546"}],"wp:attachment":[{"href":"https:\/\/pos-graduacao.uepb.edu.br\/ppgss\/wp-json\/wp\/v2\/media?parent=543"}],"wp:term":[{"taxonomy":"category","embeddable":true,"href":"https:\/\/pos-graduacao.uepb.edu.br\/ppgss\/wp-json\/wp\/v2\/categories?post=543"},{"taxonomy":"post_tag","embeddable":true,"href":"https:\/\/pos-graduacao.uepb.edu.br\/ppgss\/wp-json\/wp\/v2\/tags?post=543"}],"curies":[{"name":"wp","href":"https:\/\/api.w.org\/{rel}","templated":true}]}}