{"id":412,"date":"2014-08-11T14:59:21","date_gmt":"2014-08-11T14:59:21","guid":{"rendered":"https:\/\/pos-graduacao.uepb.edu.br\/ppgss\/?p=412"},"modified":"2014-08-11T14:59:21","modified_gmt":"2014-08-11T14:59:21","slug":"adiamento-do-resultado-final-do-processo-de-selecao-para-alunos-especiais-2014-2","status":"publish","type":"post","link":"https:\/\/pos-graduacao.uepb.edu.br\/ppgss\/adiamento-do-resultado-final-do-processo-de-selecao-para-alunos-especiais-2014-2\/","title":{"rendered":"Adiamento do Resultado Final do Processo de Sele\u00e7\u00e3o para Alunos Especiais &#8211; 2014.2"},"content":{"rendered":"<p>A Coordena\u00e7\u00e3o do Programa de P\u00f3s-Gradua\u00e7\u00e3o em Servi\u00e7o Social informa que o resultado final para sele\u00e7\u00e3o de alunos especiais &#8211; 2014.2 \u00a0foi adiado devido a demanda e n\u00e3o foi poss\u00edvel fazer a devida an\u00e1lise no per\u00edodo mencionado no edital. O resultado fica previsto para o dia 13 \u00a0de agosto de 2014 e entre os dias 14 e 15 \u00a0de agosto de 2014 para a matr\u00edcula.<\/p>\n","protected":false},"excerpt":{"rendered":"<p>A Coordena\u00e7\u00e3o do Programa de P\u00f3s-Gradua\u00e7\u00e3o em Servi\u00e7o Social informa que o resultado final para sele\u00e7\u00e3o de alunos especiais &#8211; 2014.2 \u00a0foi adiado devido a demanda e n\u00e3o foi poss\u00edvel fazer a devida an\u00e1lise no per\u00edodo mencionado no edital. O resultado fica previsto para o dia 13 \u00a0de agosto de 2014 e entre os dias <a class=\"leiamais\" href=\"https:\/\/pos-graduacao.uepb.edu.br\/ppgss\/adiamento-do-resultado-final-do-processo-de-selecao-para-alunos-especiais-2014-2\/\">Leia Mais&#8230;<\/a><\/p>\n","protected":false},"author":22,"featured_media":0,"comment_status":"open","ping_status":"open","sticky":false,"template":"","format":"standard","meta":{"footnotes":""},"categories":[5],"tags":[],"class_list":["post-412","post","type-post","status-publish","format-standard","hentry","category-noticias"],"_links":{"self":[{"href":"https:\/\/pos-graduacao.uepb.edu.br\/ppgss\/wp-json\/wp\/v2\/posts\/412","targetHints":{"allow":["GET"]}}],"collection":[{"href":"https:\/\/pos-graduacao.uepb.edu.br\/ppgss\/wp-json\/wp\/v2\/posts"}],"about":[{"href":"https:\/\/pos-graduacao.uepb.edu.br\/ppgss\/wp-json\/wp\/v2\/types\/post"}],"author":[{"embeddable":true,"href":"https:\/\/pos-graduacao.uepb.edu.br\/ppgss\/wp-json\/wp\/v2\/users\/22"}],"replies":[{"embeddable":true,"href":"https:\/\/pos-graduacao.uepb.edu.br\/ppgss\/wp-json\/wp\/v2\/comments?post=412"}],"version-history":[{"count":1,"href":"https:\/\/pos-graduacao.uepb.edu.br\/ppgss\/wp-json\/wp\/v2\/posts\/412\/revisions"}],"predecessor-version":[{"id":413,"href":"https:\/\/pos-graduacao.uepb.edu.br\/ppgss\/wp-json\/wp\/v2\/posts\/412\/revisions\/413"}],"wp:attachment":[{"href":"https:\/\/pos-graduacao.uepb.edu.br\/ppgss\/wp-json\/wp\/v2\/media?parent=412"}],"wp:term":[{"taxonomy":"category","embeddable":true,"href":"https:\/\/pos-graduacao.uepb.edu.br\/ppgss\/wp-json\/wp\/v2\/categories?post=412"},{"taxonomy":"post_tag","embeddable":true,"href":"https:\/\/pos-graduacao.uepb.edu.br\/ppgss\/wp-json\/wp\/v2\/tags?post=412"}],"curies":[{"name":"wp","href":"https:\/\/api.w.org\/{rel}","templated":true}]}}