{"id":354,"date":"2014-05-27T14:33:57","date_gmt":"2014-05-27T14:33:57","guid":{"rendered":"\/ppgss\/?p=354"},"modified":"2014-06-30T14:17:56","modified_gmt":"2014-06-30T14:17:56","slug":"palestra-com-a-profa-dra-mirla-cisne-uern-no-dia-06-de-junho-de-2014-a-partir-das-14h00-na-sala-234-2o-andar-central-de-integracao-academicauepb","status":"publish","type":"post","link":"https:\/\/pos-graduacao.uepb.edu.br\/ppgss\/palestra-com-a-profa-dra-mirla-cisne-uern-no-dia-06-de-junho-de-2014-a-partir-das-14h00-na-sala-234-2o-andar-central-de-integracao-academicauepb\/","title":{"rendered":"Palestra com a Prof\u00aa Dr\u00aa Mirla Cisne- UERN, no dia 07 de julho de 2014, \u00e0s 09h, na sala 234, 2\u00ba andar da Central de Aulas &#8211; UEPB."},"content":{"rendered":"<p>A Coordena\u00e7\u00e3o do Programa da P\u00f3s Gradua\u00e7\u00e3o em Servi\u00e7o Social convida @s alun@s e Professor@s deste Programa, para \u00a0a Palestra: &#8220;Divis\u00e3o Sexual do Trabalho e Servi\u00e7o Social\u201d, a ser ministrada \u00a0pela Prof\u00aa Dr\u00aa Mirla Cisne \u2013 UERN, no dia 07 de julho de 2014, \u00e0s 09h00, na sala 234, \u00a02\u00ba andar da Central de Aulas &#8211; UEPB.<\/p>\n","protected":false},"excerpt":{"rendered":"<p>A Coordena\u00e7\u00e3o do Programa da P\u00f3s Gradua\u00e7\u00e3o em Servi\u00e7o Social convida @s alun@s e Professor@s deste Programa, para \u00a0a Palestra: &#8220;Divis\u00e3o Sexual do Trabalho e Servi\u00e7o Social\u201d, a ser ministrada \u00a0pela Prof\u00aa Dr\u00aa Mirla Cisne \u2013 UERN, no dia 07 de julho de 2014, \u00e0s 09h00, na sala 234, \u00a02\u00ba andar da Central de Aulas <a class=\"leiamais\" href=\"https:\/\/pos-graduacao.uepb.edu.br\/ppgss\/palestra-com-a-profa-dra-mirla-cisne-uern-no-dia-06-de-junho-de-2014-a-partir-das-14h00-na-sala-234-2o-andar-central-de-integracao-academicauepb\/\">Leia Mais&#8230;<\/a><\/p>\n","protected":false},"author":22,"featured_media":0,"comment_status":"open","ping_status":"open","sticky":false,"template":"","format":"standard","meta":{"footnotes":""},"categories":[6],"tags":[],"class_list":["post-354","post","type-post","status-publish","format-standard","hentry","category-eventos"],"_links":{"self":[{"href":"https:\/\/pos-graduacao.uepb.edu.br\/ppgss\/wp-json\/wp\/v2\/posts\/354","targetHints":{"allow":["GET"]}}],"collection":[{"href":"https:\/\/pos-graduacao.uepb.edu.br\/ppgss\/wp-json\/wp\/v2\/posts"}],"about":[{"href":"https:\/\/pos-graduacao.uepb.edu.br\/ppgss\/wp-json\/wp\/v2\/types\/post"}],"author":[{"embeddable":true,"href":"https:\/\/pos-graduacao.uepb.edu.br\/ppgss\/wp-json\/wp\/v2\/users\/22"}],"replies":[{"embeddable":true,"href":"https:\/\/pos-graduacao.uepb.edu.br\/ppgss\/wp-json\/wp\/v2\/comments?post=354"}],"version-history":[{"count":6,"href":"https:\/\/pos-graduacao.uepb.edu.br\/ppgss\/wp-json\/wp\/v2\/posts\/354\/revisions"}],"predecessor-version":[{"id":363,"href":"https:\/\/pos-graduacao.uepb.edu.br\/ppgss\/wp-json\/wp\/v2\/posts\/354\/revisions\/363"}],"wp:attachment":[{"href":"https:\/\/pos-graduacao.uepb.edu.br\/ppgss\/wp-json\/wp\/v2\/media?parent=354"}],"wp:term":[{"taxonomy":"category","embeddable":true,"href":"https:\/\/pos-graduacao.uepb.edu.br\/ppgss\/wp-json\/wp\/v2\/categories?post=354"},{"taxonomy":"post_tag","embeddable":true,"href":"https:\/\/pos-graduacao.uepb.edu.br\/ppgss\/wp-json\/wp\/v2\/tags?post=354"}],"curies":[{"name":"wp","href":"https:\/\/api.w.org\/{rel}","templated":true}]}}