{"id":345,"date":"2014-05-02T14:32:41","date_gmt":"2014-05-02T14:32:41","guid":{"rendered":"\/ppgss\/?p=345"},"modified":"2014-05-08T18:06:02","modified_gmt":"2014-05-08T18:06:02","slug":"evento-alusivo-ao-dia-dao-assistente-social-2","status":"publish","type":"post","link":"https:\/\/pos-graduacao.uepb.edu.br\/ppgss\/evento-alusivo-ao-dia-dao-assistente-social-2\/","title":{"rendered":"Evento: Forma\u00e7\u00e3o e Exerc\u00edcio Profissional do\/a Assistente Social: Avan\u00e7os, perspectivas e desafios atuais&#8221;."},"content":{"rendered":"<p class=\"MsoNormal\"><span style=\"color: #747474;font-family: 'Trebuchet MS', Arial, Helvetica, sans-serif;font-size: 14px;font-style: normal;font-variant: normal;font-weight: normal;letter-spacing: normal;line-height: normal;text-align: start;text-indent: 0px;float: none\">\u00a0<\/span><span style=\"font-size: 14.0pt;line-height: 115%\">A Coordena\u00e7\u00e3o do Programa de P\u00f3s-Gradua\u00e7\u00e3o em Servi\u00e7o Social convida a tod@s @s interessad@s para participa\u00e7\u00e3o deste evento que ter\u00e1 a seguinte programa\u00e7\u00e3o:<\/span><\/p>\n<p><a href=\"http:\/\/pos-graduacao.ascom.uepb.edu.br\/ppgss\/files\/2014\/05\/cartaz-evento-a.s.-final2.jpg\"><img loading=\"lazy\" decoding=\"async\" class=\"aligncenter size-medium wp-image-350 img-responsive\" alt=\"cartaz evento a.s. final2\" src=\"http:\/\/pos-graduacao.ascom.uepb.edu.br\/ppgss\/files\/2014\/05\/cartaz-evento-a.s.-final2-300x225.jpg\" width=\"300\" height=\"225\" srcset=\"https:\/\/pos-graduacao.uepb.edu.br\/ppgss\/files\/2014\/05\/cartaz-evento-a.s.-final2-300x225.jpg 300w, https:\/\/pos-graduacao.uepb.edu.br\/ppgss\/files\/2014\/05\/cartaz-evento-a.s.-final2.jpg 960w\" sizes=\"auto, (max-width: 300px) 100vw, 300px\" \/><\/a><\/p>\n","protected":false},"excerpt":{"rendered":"<p>\u00a0A Coordena\u00e7\u00e3o do Programa de P\u00f3s-Gradua\u00e7\u00e3o em Servi\u00e7o Social convida a tod@s @s interessad@s para participa\u00e7\u00e3o deste evento que ter\u00e1 a seguinte programa\u00e7\u00e3o:<\/p>\n","protected":false},"author":22,"featured_media":0,"comment_status":"open","ping_status":"open","sticky":false,"template":"","format":"standard","meta":{"footnotes":""},"categories":[6],"tags":[],"class_list":["post-345","post","type-post","status-publish","format-standard","hentry","category-eventos"],"_links":{"self":[{"href":"https:\/\/pos-graduacao.uepb.edu.br\/ppgss\/wp-json\/wp\/v2\/posts\/345","targetHints":{"allow":["GET"]}}],"collection":[{"href":"https:\/\/pos-graduacao.uepb.edu.br\/ppgss\/wp-json\/wp\/v2\/posts"}],"about":[{"href":"https:\/\/pos-graduacao.uepb.edu.br\/ppgss\/wp-json\/wp\/v2\/types\/post"}],"author":[{"embeddable":true,"href":"https:\/\/pos-graduacao.uepb.edu.br\/ppgss\/wp-json\/wp\/v2\/users\/22"}],"replies":[{"embeddable":true,"href":"https:\/\/pos-graduacao.uepb.edu.br\/ppgss\/wp-json\/wp\/v2\/comments?post=345"}],"version-history":[{"count":4,"href":"https:\/\/pos-graduacao.uepb.edu.br\/ppgss\/wp-json\/wp\/v2\/posts\/345\/revisions"}],"predecessor-version":[{"id":351,"href":"https:\/\/pos-graduacao.uepb.edu.br\/ppgss\/wp-json\/wp\/v2\/posts\/345\/revisions\/351"}],"wp:attachment":[{"href":"https:\/\/pos-graduacao.uepb.edu.br\/ppgss\/wp-json\/wp\/v2\/media?parent=345"}],"wp:term":[{"taxonomy":"category","embeddable":true,"href":"https:\/\/pos-graduacao.uepb.edu.br\/ppgss\/wp-json\/wp\/v2\/categories?post=345"},{"taxonomy":"post_tag","embeddable":true,"href":"https:\/\/pos-graduacao.uepb.edu.br\/ppgss\/wp-json\/wp\/v2\/tags?post=345"}],"curies":[{"name":"wp","href":"https:\/\/api.w.org\/{rel}","templated":true}]}}