{"id":3400,"date":"2026-01-08T15:22:16","date_gmt":"2026-01-08T15:22:16","guid":{"rendered":"https:\/\/pos-graduacao.uepb.edu.br\/ppgss\/?p=3400"},"modified":"2026-01-08T15:28:20","modified_gmt":"2026-01-08T15:28:20","slug":"3400-2","status":"publish","type":"post","link":"https:\/\/pos-graduacao.uepb.edu.br\/ppgss\/3400-2\/","title":{"rendered":"Processo Seletivo Suplementar: EDITAL &#8211; Turma 2026"},"content":{"rendered":"<p>A Comiss\u00e3o de Sele\u00e7\u00e3o para discentes regulares do Programa de P\u00f3s-Gradua\u00e7\u00e3o em Servi\u00e7o Social da Universidade Estadual da Para\u00edba torna p\u00fablico o Edital PPGSS\/PRPGP\/UEPB n\u00ba. 001\/2026. Trata-se de um Edital de suplementa\u00e7\u00e3o que selecionar\u00e1 discentes para a Turma 2026 de Mestrado.<\/p>\n<p>Est\u00e3o sendo ofertadas 06 (seis) vagas, distribu\u00eddas da seguinte forma: : 03(tr\u00eas) vagas para ampla concorr\u00eancia, 02 (duas) vagas para candidatos negro(a)s {(preto(a)s e pardo(a)s}, quilombolas, cigano(a)s, ind\u00edgenas e pessoas <em>trans; <\/em>e 01 (uma) vaga para pessoas com defici\u00eancia (PCD), para portadores de diploma de gradua\u00e7\u00e3o na \u00e1rea de Servi\u00e7o Social ou afins, observando a RESOLU\u00c7\u00c3O\/UEPB\/CONSEPE\/022\/2021. As vagas s\u00e3o destinadas a portadores de diploma de gradua\u00e7\u00e3o na \u00e1rea de Servi\u00e7o Social ou afins.<\/p>\n<p>Para a realiza\u00e7\u00e3o da inscri\u00e7\u00e3o, os\/as candidatos devem estar atentos\/as \u00e0s regras estabelecidas no Edital dispon\u00edvel a seguir:<\/p>\n<p><a href=\"https:\/\/pos-graduacao.uepb.edu.br\/ppgss\/download\/edital-selecao-suplementar-turma-2026\/\">Edital \u2013 Processo Seletivo SUPLEMENTAR Turma 2026<\/a><\/p>\n<p>&nbsp;<\/p>\n","protected":false},"excerpt":{"rendered":"<p>A Comiss\u00e3o de Sele\u00e7\u00e3o para discentes regulares do Programa de P\u00f3s-Gradua\u00e7\u00e3o em Servi\u00e7o Social da Universidade Estadual da Para\u00edba torna p\u00fablico o Edital PPGSS\/PRPGP\/UEPB n\u00ba. 001\/2026. Trata-se de um Edital de suplementa\u00e7\u00e3o que selecionar\u00e1 discentes para a Turma 2026 de Mestrado. Est\u00e3o sendo ofertadas 06 (seis) vagas, distribu\u00eddas da seguinte forma: : 03(tr\u00eas) vagas para <a class=\"leiamais\" href=\"https:\/\/pos-graduacao.uepb.edu.br\/ppgss\/3400-2\/\">Leia Mais&#8230;<\/a><\/p>\n","protected":false},"author":86,"featured_media":0,"comment_status":"open","ping_status":"open","sticky":false,"template":"","format":"standard","meta":{"footnotes":""},"categories":[5,13],"tags":[],"class_list":["post-3400","post","type-post","status-publish","format-standard","hentry","category-noticias","category-noticias-destaque"],"_links":{"self":[{"href":"https:\/\/pos-graduacao.uepb.edu.br\/ppgss\/wp-json\/wp\/v2\/posts\/3400","targetHints":{"allow":["GET"]}}],"collection":[{"href":"https:\/\/pos-graduacao.uepb.edu.br\/ppgss\/wp-json\/wp\/v2\/posts"}],"about":[{"href":"https:\/\/pos-graduacao.uepb.edu.br\/ppgss\/wp-json\/wp\/v2\/types\/post"}],"author":[{"embeddable":true,"href":"https:\/\/pos-graduacao.uepb.edu.br\/ppgss\/wp-json\/wp\/v2\/users\/86"}],"replies":[{"embeddable":true,"href":"https:\/\/pos-graduacao.uepb.edu.br\/ppgss\/wp-json\/wp\/v2\/comments?post=3400"}],"version-history":[{"count":3,"href":"https:\/\/pos-graduacao.uepb.edu.br\/ppgss\/wp-json\/wp\/v2\/posts\/3400\/revisions"}],"predecessor-version":[{"id":3404,"href":"https:\/\/pos-graduacao.uepb.edu.br\/ppgss\/wp-json\/wp\/v2\/posts\/3400\/revisions\/3404"}],"wp:attachment":[{"href":"https:\/\/pos-graduacao.uepb.edu.br\/ppgss\/wp-json\/wp\/v2\/media?parent=3400"}],"wp:term":[{"taxonomy":"category","embeddable":true,"href":"https:\/\/pos-graduacao.uepb.edu.br\/ppgss\/wp-json\/wp\/v2\/categories?post=3400"},{"taxonomy":"post_tag","embeddable":true,"href":"https:\/\/pos-graduacao.uepb.edu.br\/ppgss\/wp-json\/wp\/v2\/tags?post=3400"}],"curies":[{"name":"wp","href":"https:\/\/api.w.org\/{rel}","templated":true}]}}