{"id":334,"date":"2014-04-29T18:00:24","date_gmt":"2014-04-29T18:00:24","guid":{"rendered":"\/ppgss\/?p=334"},"modified":"2014-04-30T19:51:55","modified_gmt":"2014-04-30T19:51:55","slug":"atividade-apresentacao-da-avaliacao-trienal-2010-2013-da-area-de-servico-social-na-capes","status":"publish","type":"post","link":"https:\/\/pos-graduacao.uepb.edu.br\/ppgss\/atividade-apresentacao-da-avaliacao-trienal-2010-2013-da-area-de-servico-social-na-capes\/","title":{"rendered":"Atividade:  Apresenta\u00e7\u00e3o da Avalia\u00e7\u00e3o Trienal (2010 &#8211; 2013) da \u00e1rea de Servi\u00e7o Social na CAPES"},"content":{"rendered":"<pre>A Coordena\u00e7\u00e3o do Programa de P\u00f3s-Gradua\u00e7\u00e3o em Servi\u00e7o Social- UEPB convida tod@s @s alun@s e professores do Mestrado para participarem da seguinte atividade:\r\n\r\nATIVIDADE: Apresenta\u00e7\u00e3o da avalia\u00e7\u00e3o Trienal (2010 - 2012) da \u00e1rea de servi\u00e7o social na CAPES\r\nDATA: 09 de abril de 2014 (Quarta feira)\r\nPalestrante: Prof\u00aa Dr\u00aa Juliane Feix Peruzzo (UFPE)\r\nHOR\u00c1RIO: 09 h\r\nLOCAL: Sala 234 (2\u00ba andar) da Central de Aulas<\/pre>\n","protected":false},"excerpt":{"rendered":"<p>A Coordena\u00e7\u00e3o do Programa de P\u00f3s-Gradua\u00e7\u00e3o em Servi\u00e7o Social- UEPB convida tod@s @s alun@s e professores do Mestrado para participarem da seguinte atividade: ATIVIDADE: Apresenta\u00e7\u00e3o da avalia\u00e7\u00e3o Trienal (2010 &#8211; 2012) da \u00e1rea de servi\u00e7o social na CAPES DATA: 09 de abril de 2014 (Quarta feira) Palestrante: Prof\u00aa Dr\u00aa Juliane Feix Peruzzo (UFPE) HOR\u00c1RIO: 09 <a class=\"leiamais\" href=\"https:\/\/pos-graduacao.uepb.edu.br\/ppgss\/atividade-apresentacao-da-avaliacao-trienal-2010-2013-da-area-de-servico-social-na-capes\/\">Leia Mais&#8230;<\/a><\/p>\n","protected":false},"author":22,"featured_media":0,"comment_status":"open","ping_status":"open","sticky":false,"template":"","format":"standard","meta":{"footnotes":""},"categories":[6],"tags":[],"class_list":["post-334","post","type-post","status-publish","format-standard","hentry","category-eventos"],"_links":{"self":[{"href":"https:\/\/pos-graduacao.uepb.edu.br\/ppgss\/wp-json\/wp\/v2\/posts\/334","targetHints":{"allow":["GET"]}}],"collection":[{"href":"https:\/\/pos-graduacao.uepb.edu.br\/ppgss\/wp-json\/wp\/v2\/posts"}],"about":[{"href":"https:\/\/pos-graduacao.uepb.edu.br\/ppgss\/wp-json\/wp\/v2\/types\/post"}],"author":[{"embeddable":true,"href":"https:\/\/pos-graduacao.uepb.edu.br\/ppgss\/wp-json\/wp\/v2\/users\/22"}],"replies":[{"embeddable":true,"href":"https:\/\/pos-graduacao.uepb.edu.br\/ppgss\/wp-json\/wp\/v2\/comments?post=334"}],"version-history":[{"count":2,"href":"https:\/\/pos-graduacao.uepb.edu.br\/ppgss\/wp-json\/wp\/v2\/posts\/334\/revisions"}],"predecessor-version":[{"id":343,"href":"https:\/\/pos-graduacao.uepb.edu.br\/ppgss\/wp-json\/wp\/v2\/posts\/334\/revisions\/343"}],"wp:attachment":[{"href":"https:\/\/pos-graduacao.uepb.edu.br\/ppgss\/wp-json\/wp\/v2\/media?parent=334"}],"wp:term":[{"taxonomy":"category","embeddable":true,"href":"https:\/\/pos-graduacao.uepb.edu.br\/ppgss\/wp-json\/wp\/v2\/categories?post=334"},{"taxonomy":"post_tag","embeddable":true,"href":"https:\/\/pos-graduacao.uepb.edu.br\/ppgss\/wp-json\/wp\/v2\/tags?post=334"}],"curies":[{"name":"wp","href":"https:\/\/api.w.org\/{rel}","templated":true}]}}