{"id":3311,"date":"2025-09-19T16:54:33","date_gmt":"2025-09-19T16:54:33","guid":{"rendered":"https:\/\/pos-graduacao.uepb.edu.br\/ppgss\/?p=3311"},"modified":"2025-09-19T16:54:33","modified_gmt":"2025-09-19T16:54:33","slug":"cancelamento-do-evento-comemorativo-aos-30-anos-do-nupecij","status":"publish","type":"post","link":"https:\/\/pos-graduacao.uepb.edu.br\/ppgss\/cancelamento-do-evento-comemorativo-aos-30-anos-do-nupecij\/","title":{"rendered":"Cancelamento do evento comemorativo aos 30 anos do NUPECIJ"},"content":{"rendered":"<p>Em raz\u00e3o da deflagra\u00e7\u00e3o da greve pelo sindicato dos docentes da Universidade Estadual da Para\u00edba (UEPB), que suspende as atividades acad\u00eamicas a partir de segunda-feira, dia 22\/09\/2025, comunicamos a todos\/as inscritos\/as, o cancelamento do evento comemorativo aos 30 anos do N\u00facleo de Pesquisa e Extens\u00e3o Comunit\u00e1ria Infantojuvenil (NUPECIJ), programado para ocorrer nos dias 23 e 24\/09.<\/p>\n<p>A organiza\u00e7\u00e3o do evento est\u00e1 acompanhando a situa\u00e7\u00e3o de perto e esperamos o mais breve poss\u00edvel divulgar nova data para a realiza\u00e7\u00e3o do evento.<\/p>\n<p>Agradecemos a compreens\u00e3o de todos e nos colocamos \u00e0 disposi\u00e7\u00e3o para eventuais esclarecimentos.<\/p>\n<p>&nbsp;<\/p>\n","protected":false},"excerpt":{"rendered":"<p>Em raz\u00e3o da deflagra\u00e7\u00e3o da greve pelo sindicato dos docentes da Universidade Estadual da Para\u00edba (UEPB), que suspende as atividades acad\u00eamicas a partir de segunda-feira, dia 22\/09\/2025, comunicamos a todos\/as inscritos\/as, o cancelamento do evento comemorativo aos 30 anos do N\u00facleo de Pesquisa e Extens\u00e3o Comunit\u00e1ria Infantojuvenil (NUPECIJ), programado para ocorrer nos dias 23 e <a class=\"leiamais\" href=\"https:\/\/pos-graduacao.uepb.edu.br\/ppgss\/cancelamento-do-evento-comemorativo-aos-30-anos-do-nupecij\/\">Leia Mais&#8230;<\/a><\/p>\n","protected":false},"author":86,"featured_media":0,"comment_status":"open","ping_status":"open","sticky":false,"template":"","format":"standard","meta":{"footnotes":""},"categories":[5,13],"tags":[],"class_list":["post-3311","post","type-post","status-publish","format-standard","hentry","category-noticias","category-noticias-destaque"],"_links":{"self":[{"href":"https:\/\/pos-graduacao.uepb.edu.br\/ppgss\/wp-json\/wp\/v2\/posts\/3311","targetHints":{"allow":["GET"]}}],"collection":[{"href":"https:\/\/pos-graduacao.uepb.edu.br\/ppgss\/wp-json\/wp\/v2\/posts"}],"about":[{"href":"https:\/\/pos-graduacao.uepb.edu.br\/ppgss\/wp-json\/wp\/v2\/types\/post"}],"author":[{"embeddable":true,"href":"https:\/\/pos-graduacao.uepb.edu.br\/ppgss\/wp-json\/wp\/v2\/users\/86"}],"replies":[{"embeddable":true,"href":"https:\/\/pos-graduacao.uepb.edu.br\/ppgss\/wp-json\/wp\/v2\/comments?post=3311"}],"version-history":[{"count":1,"href":"https:\/\/pos-graduacao.uepb.edu.br\/ppgss\/wp-json\/wp\/v2\/posts\/3311\/revisions"}],"predecessor-version":[{"id":3312,"href":"https:\/\/pos-graduacao.uepb.edu.br\/ppgss\/wp-json\/wp\/v2\/posts\/3311\/revisions\/3312"}],"wp:attachment":[{"href":"https:\/\/pos-graduacao.uepb.edu.br\/ppgss\/wp-json\/wp\/v2\/media?parent=3311"}],"wp:term":[{"taxonomy":"category","embeddable":true,"href":"https:\/\/pos-graduacao.uepb.edu.br\/ppgss\/wp-json\/wp\/v2\/categories?post=3311"},{"taxonomy":"post_tag","embeddable":true,"href":"https:\/\/pos-graduacao.uepb.edu.br\/ppgss\/wp-json\/wp\/v2\/tags?post=3311"}],"curies":[{"name":"wp","href":"https:\/\/api.w.org\/{rel}","templated":true}]}}