{"id":330,"date":"2014-04-29T14:59:41","date_gmt":"2014-04-29T14:59:41","guid":{"rendered":"\/ppgss\/?p=330"},"modified":"2014-04-29T17:53:10","modified_gmt":"2014-04-29T17:53:10","slug":"aula-magna-do-programa-de-pos-graduacao-em-servico-social-periodo-2014-1","status":"publish","type":"post","link":"https:\/\/pos-graduacao.uepb.edu.br\/ppgss\/aula-magna-do-programa-de-pos-graduacao-em-servico-social-periodo-2014-1\/","title":{"rendered":"Aula Magna do Programa de P\u00f3s-Gradua\u00e7\u00e3o em Servi\u00e7o Social &#8211; Per\u00edodo 2014.1"},"content":{"rendered":"<p>03\/04\/2014 \u00a0&#8211; Aula Magna do Programa de P\u00f3s-Gradua\u00e7\u00e3o em Servi\u00e7o Social<\/p>\n<p>Palestra &#8220;O Brasil e os desafios atuais: pol\u00edtica econ\u00f4mica e social e as manifesta\u00e7\u00f5es&#8221;<\/p>\n<p>Expositor: Prof. Dr. Heleno Rotta (Prof. aposentado do departamento de Economia &#8211; UFCG)<\/p>\n<p>Hor\u00e1rio: 19:00h<\/p>\n<p>Local: Audit\u00f3rio 1 (CCSA)<\/p>\n<p>&nbsp;<\/p>\n<pre><\/pre>\n","protected":false},"excerpt":{"rendered":"<p>03\/04\/2014 \u00a0&#8211; Aula Magna do Programa de P\u00f3s-Gradua\u00e7\u00e3o em Servi\u00e7o Social Palestra &#8220;O Brasil e os desafios atuais: pol\u00edtica econ\u00f4mica e social e as manifesta\u00e7\u00f5es&#8221; Expositor: Prof. Dr. Heleno Rotta (Prof. aposentado do departamento de Economia &#8211; UFCG) Hor\u00e1rio: 19:00h Local: Audit\u00f3rio 1 (CCSA) &nbsp;<\/p>\n","protected":false},"author":22,"featured_media":0,"comment_status":"open","ping_status":"open","sticky":false,"template":"","format":"standard","meta":{"footnotes":""},"categories":[6],"tags":[],"class_list":["post-330","post","type-post","status-publish","format-standard","hentry","category-eventos"],"_links":{"self":[{"href":"https:\/\/pos-graduacao.uepb.edu.br\/ppgss\/wp-json\/wp\/v2\/posts\/330","targetHints":{"allow":["GET"]}}],"collection":[{"href":"https:\/\/pos-graduacao.uepb.edu.br\/ppgss\/wp-json\/wp\/v2\/posts"}],"about":[{"href":"https:\/\/pos-graduacao.uepb.edu.br\/ppgss\/wp-json\/wp\/v2\/types\/post"}],"author":[{"embeddable":true,"href":"https:\/\/pos-graduacao.uepb.edu.br\/ppgss\/wp-json\/wp\/v2\/users\/22"}],"replies":[{"embeddable":true,"href":"https:\/\/pos-graduacao.uepb.edu.br\/ppgss\/wp-json\/wp\/v2\/comments?post=330"}],"version-history":[{"count":3,"href":"https:\/\/pos-graduacao.uepb.edu.br\/ppgss\/wp-json\/wp\/v2\/posts\/330\/revisions"}],"predecessor-version":[{"id":333,"href":"https:\/\/pos-graduacao.uepb.edu.br\/ppgss\/wp-json\/wp\/v2\/posts\/330\/revisions\/333"}],"wp:attachment":[{"href":"https:\/\/pos-graduacao.uepb.edu.br\/ppgss\/wp-json\/wp\/v2\/media?parent=330"}],"wp:term":[{"taxonomy":"category","embeddable":true,"href":"https:\/\/pos-graduacao.uepb.edu.br\/ppgss\/wp-json\/wp\/v2\/categories?post=330"},{"taxonomy":"post_tag","embeddable":true,"href":"https:\/\/pos-graduacao.uepb.edu.br\/ppgss\/wp-json\/wp\/v2\/tags?post=330"}],"curies":[{"name":"wp","href":"https:\/\/api.w.org\/{rel}","templated":true}]}}