{"id":3277,"date":"2025-09-11T17:41:44","date_gmt":"2025-09-11T17:41:44","guid":{"rendered":"https:\/\/pos-graduacao.uepb.edu.br\/ppgss\/?p=3277"},"modified":"2025-09-11T17:41:44","modified_gmt":"2025-09-11T17:41:44","slug":"o-nupecij-celebra-os-seus-30-anos","status":"publish","type":"post","link":"https:\/\/pos-graduacao.uepb.edu.br\/ppgss\/o-nupecij-celebra-os-seus-30-anos\/","title":{"rendered":"O NUPECIJ celebra os seus 30 anos."},"content":{"rendered":"<p>O N\u00facleo de Pesquisa e Extens\u00e3o Comunit\u00e1ria Infantojuvenil (NUPECIJ\/UEPB) celebra em 2025 seus 30 anos de atua\u00e7\u00e3o.<\/p>\n<p>O NUPECIJ integra atividades de pesquisas e de extens\u00e3o que visam a defesa dos direitos infantojuvenis. Possuindo uma longa trajet\u00f3ria de pesquisas na \u00e1rea da inf\u00e2ncia e juventude com diversos objetos de an\u00e1lise, que tratam da pol\u00edtica para a inf\u00e2ncia e adolesc\u00eancia e problem\u00e1ticas que expressam a viola\u00e7\u00e3o de direitos infantis. Das a\u00e7\u00f5es extensionistas destaca-se a sua contribui\u00e7\u00e3o aos processos de forma\u00e7\u00e3o voltados para a Rede de Prote\u00e7\u00e3o de crian\u00e7as e adolescentes do estado da Para\u00edba.<\/p>\n<p>Nesta data t\u00e3o especial, convidamos a comunidade acad\u00eamica, a rede de prote\u00e7\u00e3o, a sociedade civil e adolescentes, para participarem do nosso evento comemorativo, que simboliza um importante marco hist\u00f3rico na trajet\u00f3ria do nosso n\u00facleo de pesquisa, que durante essas tr\u00eas d\u00e9cadas, vem buscando reafirmar o compromisso com a produ\u00e7\u00e3o do conhecimento, a extens\u00e3o comunit\u00e1ria e a defesa dos direitos de crian\u00e7as e adolescentes.<\/p>\n<p>\ud83d\udcc6 Data: 23 e 24 de setembro de 2025<br \/>\n\ud83d\udccd Local: Audit\u00f3rio II da Central de Aulas Paulo Freire\/UEPB &#8211; Campus I<br \/>\n\ud83d\udccc Rua Bara\u00fanas, 351 &#8211; Bairro Universit\u00e1rio, Campina Grande\/PB<\/p>\n<p><a href=\"https:\/\/www.even3.com.br\/30-anos-do-nupecij-em-defesa-dos-direitos-de-criancas-adolescentes-611523?fbclid=PAZnRzaAMv6HdleHRuA2FlbQIxMQABp6MeQ-WVlOnuTCtHqnb5pIss_-MR-9DNTBQHRymmkU4dvdg21-fF5JWvX7yi_aem_sh94KYZa5kdvkowBnXOn4g\">ACESSE AQUI O LINK DAS INSCRI\u00c7\u00d5ES\u00a0<\/a><\/p>\n<p><a href=\"https:\/\/www.instagram.com\/p\/DN31rW9ga0e\/?igsh=MXhxa3cxN3VrOGh4OQ%3D%3D\">ACESSE AQUI O INSTAGRAM\u00a0<\/a><\/p>\n","protected":false},"excerpt":{"rendered":"<p>O N\u00facleo de Pesquisa e Extens\u00e3o Comunit\u00e1ria Infantojuvenil (NUPECIJ\/UEPB) celebra em 2025 seus 30 anos de atua\u00e7\u00e3o. O NUPECIJ integra atividades de pesquisas e de extens\u00e3o que visam a defesa dos direitos infantojuvenis. Possuindo uma longa trajet\u00f3ria de pesquisas na \u00e1rea da inf\u00e2ncia e juventude com diversos objetos de an\u00e1lise, que tratam da pol\u00edtica para <a class=\"leiamais\" href=\"https:\/\/pos-graduacao.uepb.edu.br\/ppgss\/o-nupecij-celebra-os-seus-30-anos\/\">Leia Mais&#8230;<\/a><\/p>\n","protected":false},"author":86,"featured_media":0,"comment_status":"open","ping_status":"open","sticky":false,"template":"","format":"standard","meta":{"footnotes":""},"categories":[6,5,13],"tags":[],"class_list":["post-3277","post","type-post","status-publish","format-standard","hentry","category-eventos","category-noticias","category-noticias-destaque"],"_links":{"self":[{"href":"https:\/\/pos-graduacao.uepb.edu.br\/ppgss\/wp-json\/wp\/v2\/posts\/3277","targetHints":{"allow":["GET"]}}],"collection":[{"href":"https:\/\/pos-graduacao.uepb.edu.br\/ppgss\/wp-json\/wp\/v2\/posts"}],"about":[{"href":"https:\/\/pos-graduacao.uepb.edu.br\/ppgss\/wp-json\/wp\/v2\/types\/post"}],"author":[{"embeddable":true,"href":"https:\/\/pos-graduacao.uepb.edu.br\/ppgss\/wp-json\/wp\/v2\/users\/86"}],"replies":[{"embeddable":true,"href":"https:\/\/pos-graduacao.uepb.edu.br\/ppgss\/wp-json\/wp\/v2\/comments?post=3277"}],"version-history":[{"count":1,"href":"https:\/\/pos-graduacao.uepb.edu.br\/ppgss\/wp-json\/wp\/v2\/posts\/3277\/revisions"}],"predecessor-version":[{"id":3278,"href":"https:\/\/pos-graduacao.uepb.edu.br\/ppgss\/wp-json\/wp\/v2\/posts\/3277\/revisions\/3278"}],"wp:attachment":[{"href":"https:\/\/pos-graduacao.uepb.edu.br\/ppgss\/wp-json\/wp\/v2\/media?parent=3277"}],"wp:term":[{"taxonomy":"category","embeddable":true,"href":"https:\/\/pos-graduacao.uepb.edu.br\/ppgss\/wp-json\/wp\/v2\/categories?post=3277"},{"taxonomy":"post_tag","embeddable":true,"href":"https:\/\/pos-graduacao.uepb.edu.br\/ppgss\/wp-json\/wp\/v2\/tags?post=3277"}],"curies":[{"name":"wp","href":"https:\/\/api.w.org\/{rel}","templated":true}]}}