{"id":3273,"date":"2025-09-11T17:05:48","date_gmt":"2025-09-11T17:05:48","guid":{"rendered":"https:\/\/pos-graduacao.uepb.edu.br\/ppgss\/?p=3273"},"modified":"2025-09-17T18:35:25","modified_gmt":"2025-09-17T18:35:25","slug":"evento-ciclo-de-debates-estado-hegemonia-crise-organica-e-capitalismo-contemporaneo","status":"publish","type":"post","link":"https:\/\/pos-graduacao.uepb.edu.br\/ppgss\/evento-ciclo-de-debates-estado-hegemonia-crise-organica-e-capitalismo-contemporaneo\/","title":{"rendered":"Evento \u201cCiclo de Debates: Estado, Hegemonia, Crise Org\u00e2nica e Capitalismo Contempor\u00e2neo\u201d"},"content":{"rendered":"<p>O Programa de P\u00f3s-gradua\u00e7\u00e3o em Servi\u00e7o Social e o Departamento de Servi\u00e7o Social da Universidade Estadual da Para\u00edba (UEPB) promovem o evento: \u201cCiclo de Debates: Estado, Hegemonia, Crise Org\u00e2nica e Capitalismo Contempor\u00e2neo\u201d.<\/p>\n<p>O destaque do evento \u00e9 a presen\u00e7a do convidado internacional Prof. Dr. Jorge Lu\u00eds Acanda (Universidade Central do Equador) que trar\u00e1 reflex\u00f5es importantes sobre temas atuais e relevantes para a comunidade acad\u00eamica do Servi\u00e7o Social e de \u00e1reas afins.<\/p>\n<p>Al\u00e9m das palestras, o Ciclo de Debates tamb\u00e9m contar\u00e1 com o minicurso que ir\u00e1 aprofundar os conhecimentos sobre o Estado no Modo de Produ\u00e7\u00e3o Capitalista (MPC) a partir de Marx e Gramsci.<\/p>\n<p>ATEN\u00c7\u00c3O: Para participar do Ciclo de Debates, \u00e9 necess\u00e1rio realizar a inscri\u00e7\u00e3o exclusivamente atrav\u00e9s da plataforma Even3.<br \/>\nLink dispon\u00edvel em nossa bio e pelo acesso ao Qr-code<\/p>\n<p><a href=\"https:\/\/www.even3.com.br\/ciclo-de-debates-ppgssdss-uepb-623826\/?fbclid=PARlRTSAMv4JZleHRuA2FlbQIxMQABpxE8CCdo2l9QWedk1bhqLOhRgF6SFjA7jnD8ZpycWh5QK9IzBuOYo7Z8srGY_aem_e9FoiOZHkLgGxr4fgZXv7w\">CLIQUE AQUI PARA ACESSAR A INSCRI\u00c7\u00c3O<\/a><\/p>\n<p>&nbsp;<\/p>\n","protected":false},"excerpt":{"rendered":"<p>O Programa de P\u00f3s-gradua\u00e7\u00e3o em Servi\u00e7o Social e o Departamento de Servi\u00e7o Social da Universidade Estadual da Para\u00edba (UEPB) promovem o evento: \u201cCiclo de Debates: Estado, Hegemonia, Crise Org\u00e2nica e Capitalismo Contempor\u00e2neo\u201d. O destaque do evento \u00e9 a presen\u00e7a do convidado internacional Prof. Dr. Jorge Lu\u00eds Acanda (Universidade Central do Equador) que trar\u00e1 reflex\u00f5es importantes <a class=\"leiamais\" href=\"https:\/\/pos-graduacao.uepb.edu.br\/ppgss\/evento-ciclo-de-debates-estado-hegemonia-crise-organica-e-capitalismo-contemporaneo\/\">Leia Mais&#8230;<\/a><\/p>\n","protected":false},"author":86,"featured_media":0,"comment_status":"open","ping_status":"open","sticky":false,"template":"","format":"standard","meta":{"footnotes":""},"categories":[6,5,13],"tags":[],"class_list":["post-3273","post","type-post","status-publish","format-standard","hentry","category-eventos","category-noticias","category-noticias-destaque"],"_links":{"self":[{"href":"https:\/\/pos-graduacao.uepb.edu.br\/ppgss\/wp-json\/wp\/v2\/posts\/3273","targetHints":{"allow":["GET"]}}],"collection":[{"href":"https:\/\/pos-graduacao.uepb.edu.br\/ppgss\/wp-json\/wp\/v2\/posts"}],"about":[{"href":"https:\/\/pos-graduacao.uepb.edu.br\/ppgss\/wp-json\/wp\/v2\/types\/post"}],"author":[{"embeddable":true,"href":"https:\/\/pos-graduacao.uepb.edu.br\/ppgss\/wp-json\/wp\/v2\/users\/86"}],"replies":[{"embeddable":true,"href":"https:\/\/pos-graduacao.uepb.edu.br\/ppgss\/wp-json\/wp\/v2\/comments?post=3273"}],"version-history":[{"count":4,"href":"https:\/\/pos-graduacao.uepb.edu.br\/ppgss\/wp-json\/wp\/v2\/posts\/3273\/revisions"}],"predecessor-version":[{"id":3303,"href":"https:\/\/pos-graduacao.uepb.edu.br\/ppgss\/wp-json\/wp\/v2\/posts\/3273\/revisions\/3303"}],"wp:attachment":[{"href":"https:\/\/pos-graduacao.uepb.edu.br\/ppgss\/wp-json\/wp\/v2\/media?parent=3273"}],"wp:term":[{"taxonomy":"category","embeddable":true,"href":"https:\/\/pos-graduacao.uepb.edu.br\/ppgss\/wp-json\/wp\/v2\/categories?post=3273"},{"taxonomy":"post_tag","embeddable":true,"href":"https:\/\/pos-graduacao.uepb.edu.br\/ppgss\/wp-json\/wp\/v2\/tags?post=3273"}],"curies":[{"name":"wp","href":"https:\/\/api.w.org\/{rel}","templated":true}]}}