{"id":3215,"date":"2025-08-01T15:47:02","date_gmt":"2025-08-01T15:47:02","guid":{"rendered":"https:\/\/pos-graduacao.uepb.edu.br\/ppgss\/?p=3215"},"modified":"2025-08-01T15:47:02","modified_gmt":"2025-08-01T15:47:02","slug":"resultado-selecao-aluno-especial-2025-2","status":"publish","type":"post","link":"https:\/\/pos-graduacao.uepb.edu.br\/ppgss\/resultado-selecao-aluno-especial-2025-2\/","title":{"rendered":"Resultado &#8211; Sele\u00e7\u00e3o Aluno Especial 2025.2"},"content":{"rendered":"<p>O Programa de P\u00f3s-Gradua\u00e7\u00e3o em Servi\u00e7o Social da Universidade Estadual da Para\u00edba torna p\u00fablico o <strong>Resultado da Sele\u00e7\u00e3o<\/strong> do Edital n\u00ba. 001\/2025 &#8211; Aluno Especial das disciplinas <strong>&#8220;G\u00eanero, Etnia\/Ra\u00e7a, Gera\u00e7\u00e3o e Diversidade Cultural&#8221;,<\/strong>\u00a0<strong>&#8220;Trabalho na sociedade contempor\u00e2nea&#8221; e &#8220;Crise capitalista, fundo p\u00fablico e tend\u00eancias das Pol\u00edticas Sociais&#8221; <\/strong>ofertadas pelo<strong> PPGSS<\/strong> no semestre 2025.2.<\/p>\n<p>O resultado da sele\u00e7\u00e3o pode ser acessado <a href=\"https:\/\/pos-graduacao.uepb.edu.br\/ppgss\/download\/resultado-aluno-a-especial-2025-2\/?wpdmdl=3217&amp;masterkey=sR0sZLtXUri6F0xqNDDqdmrMyz859dR8zpxhSUwGFQj8X0jlq8z-VwyT1AnYUMNThjJ9sUdA0G2vi1Yguq4S-SjIReYHjrV-948ZkCNRUJY\">AQUI<\/a>.<\/p>\n<p>Conforme Edital n\u00ba. 001\/2025, a matr\u00edcula dos\/as novos\/as discentes acontecer\u00e1 nos dias <strong>07<\/strong>\u00a0e <strong>08 de agosto de 2025, <\/strong>das <strong>8h00 \u00e0s 12h00<\/strong> na Sala 309 da Central Acad\u00eamica Paulo Freire ou atrav\u00e9s do envio da documenta\u00e7\u00e3o para o e-mail institucional do PPGSS. Os detalhes do procedimento de matr\u00edcula ser\u00e3o encaminhados aos\/as selecionados\/as por e-mail.<\/p>\n<p>O PPGSS deseja boas-vindas e um excelente semestre letivo aos\/\u00e0s novos\/as estudantes.<\/p>\n","protected":false},"excerpt":{"rendered":"<p>O Programa de P\u00f3s-Gradua\u00e7\u00e3o em Servi\u00e7o Social da Universidade Estadual da Para\u00edba torna p\u00fablico o Resultado da Sele\u00e7\u00e3o do Edital n\u00ba. 001\/2025 &#8211; Aluno Especial das disciplinas &#8220;G\u00eanero, Etnia\/Ra\u00e7a, Gera\u00e7\u00e3o e Diversidade Cultural&#8221;,\u00a0&#8220;Trabalho na sociedade contempor\u00e2nea&#8221; e &#8220;Crise capitalista, fundo p\u00fablico e tend\u00eancias das Pol\u00edticas Sociais&#8221; ofertadas pelo PPGSS no semestre 2025.2. O resultado da <a class=\"leiamais\" href=\"https:\/\/pos-graduacao.uepb.edu.br\/ppgss\/resultado-selecao-aluno-especial-2025-2\/\">Leia Mais&#8230;<\/a><\/p>\n","protected":false},"author":60,"featured_media":0,"comment_status":"open","ping_status":"open","sticky":false,"template":"","format":"standard","meta":{"footnotes":""},"categories":[5,13],"tags":[],"class_list":["post-3215","post","type-post","status-publish","format-standard","hentry","category-noticias","category-noticias-destaque"],"_links":{"self":[{"href":"https:\/\/pos-graduacao.uepb.edu.br\/ppgss\/wp-json\/wp\/v2\/posts\/3215","targetHints":{"allow":["GET"]}}],"collection":[{"href":"https:\/\/pos-graduacao.uepb.edu.br\/ppgss\/wp-json\/wp\/v2\/posts"}],"about":[{"href":"https:\/\/pos-graduacao.uepb.edu.br\/ppgss\/wp-json\/wp\/v2\/types\/post"}],"author":[{"embeddable":true,"href":"https:\/\/pos-graduacao.uepb.edu.br\/ppgss\/wp-json\/wp\/v2\/users\/60"}],"replies":[{"embeddable":true,"href":"https:\/\/pos-graduacao.uepb.edu.br\/ppgss\/wp-json\/wp\/v2\/comments?post=3215"}],"version-history":[{"count":1,"href":"https:\/\/pos-graduacao.uepb.edu.br\/ppgss\/wp-json\/wp\/v2\/posts\/3215\/revisions"}],"predecessor-version":[{"id":3219,"href":"https:\/\/pos-graduacao.uepb.edu.br\/ppgss\/wp-json\/wp\/v2\/posts\/3215\/revisions\/3219"}],"wp:attachment":[{"href":"https:\/\/pos-graduacao.uepb.edu.br\/ppgss\/wp-json\/wp\/v2\/media?parent=3215"}],"wp:term":[{"taxonomy":"category","embeddable":true,"href":"https:\/\/pos-graduacao.uepb.edu.br\/ppgss\/wp-json\/wp\/v2\/categories?post=3215"},{"taxonomy":"post_tag","embeddable":true,"href":"https:\/\/pos-graduacao.uepb.edu.br\/ppgss\/wp-json\/wp\/v2\/tags?post=3215"}],"curies":[{"name":"wp","href":"https:\/\/api.w.org\/{rel}","templated":true}]}}