{"id":3212,"date":"2025-08-01T14:49:26","date_gmt":"2025-08-01T14:49:26","guid":{"rendered":"https:\/\/pos-graduacao.uepb.edu.br\/ppgss\/?p=3212"},"modified":"2025-08-01T14:49:26","modified_gmt":"2025-08-01T14:49:26","slug":"118a-sessao-publica-de-defesa-de-dissertacao-de-mestrado","status":"publish","type":"post","link":"https:\/\/pos-graduacao.uepb.edu.br\/ppgss\/118a-sessao-publica-de-defesa-de-dissertacao-de-mestrado\/","title":{"rendered":"118\u00aa sess\u00e3o p\u00fablica de defesa de Disserta\u00e7\u00e3o de Mestrado"},"content":{"rendered":"<p>O Programa de P\u00f3s-Gradua\u00e7\u00e3o em Servi\u00e7o Social convida a comunidade acad\u00eamica para a Defesa P\u00fablica de Disserta\u00e7\u00e3o de Mestrado da discente <strong>Maria Eduarda Silva dos Santos <\/strong>que acontecer\u00e1 no dia<strong> 1\u00ba de agosto<\/strong>, a partir das<strong>\u00a015h00<\/strong>, na<b>\u00a0<\/b>Plataforma\u00a0<i>Google Meet<\/i><b>,\u00a0<\/b>atrav\u00e9s do link: <a href=\"https:\/\/meet.google.com\/ywj-zncx-mcu\">https:\/\/meet.google.com\/ywj-zncx-mcu<\/a><\/p>\n<p><a href=\"https:\/\/pos-graduacao.uepb.edu.br\/ppgss\/files\/2025\/08\/Convite-Maria-Eduarda.jpg\"><img loading=\"lazy\" decoding=\"async\" class=\"alignleft  wp-image-3213 img-responsive\" src=\"https:\/\/pos-graduacao.uepb.edu.br\/ppgss\/files\/2025\/08\/Convite-Maria-Eduarda.jpg\" alt=\"\" width=\"947\" height=\"731\" srcset=\"https:\/\/pos-graduacao.uepb.edu.br\/ppgss\/files\/2025\/08\/Convite-Maria-Eduarda.jpg 2000w, https:\/\/pos-graduacao.uepb.edu.br\/ppgss\/files\/2025\/08\/Convite-Maria-Eduarda-300x232.jpg 300w, https:\/\/pos-graduacao.uepb.edu.br\/ppgss\/files\/2025\/08\/Convite-Maria-Eduarda-1536x1187.jpg 1536w, https:\/\/pos-graduacao.uepb.edu.br\/ppgss\/files\/2025\/08\/Convite-Maria-Eduarda-1030x796.jpg 1030w\" sizes=\"auto, (max-width: 947px) 100vw, 947px\" \/><\/a><\/p>\n","protected":false},"excerpt":{"rendered":"<p>O Programa de P\u00f3s-Gradua\u00e7\u00e3o em Servi\u00e7o Social convida a comunidade acad\u00eamica para a Defesa P\u00fablica de Disserta\u00e7\u00e3o de Mestrado da discente Maria Eduarda Silva dos Santos que acontecer\u00e1 no dia 1\u00ba de agosto, a partir das\u00a015h00, na\u00a0Plataforma\u00a0Google Meet,\u00a0atrav\u00e9s do link: https:\/\/meet.google.com\/ywj-zncx-mcu<\/p>\n","protected":false},"author":60,"featured_media":0,"comment_status":"open","ping_status":"open","sticky":false,"template":"","format":"standard","meta":{"footnotes":""},"categories":[5,13],"tags":[],"class_list":["post-3212","post","type-post","status-publish","format-standard","hentry","category-noticias","category-noticias-destaque"],"_links":{"self":[{"href":"https:\/\/pos-graduacao.uepb.edu.br\/ppgss\/wp-json\/wp\/v2\/posts\/3212","targetHints":{"allow":["GET"]}}],"collection":[{"href":"https:\/\/pos-graduacao.uepb.edu.br\/ppgss\/wp-json\/wp\/v2\/posts"}],"about":[{"href":"https:\/\/pos-graduacao.uepb.edu.br\/ppgss\/wp-json\/wp\/v2\/types\/post"}],"author":[{"embeddable":true,"href":"https:\/\/pos-graduacao.uepb.edu.br\/ppgss\/wp-json\/wp\/v2\/users\/60"}],"replies":[{"embeddable":true,"href":"https:\/\/pos-graduacao.uepb.edu.br\/ppgss\/wp-json\/wp\/v2\/comments?post=3212"}],"version-history":[{"count":1,"href":"https:\/\/pos-graduacao.uepb.edu.br\/ppgss\/wp-json\/wp\/v2\/posts\/3212\/revisions"}],"predecessor-version":[{"id":3214,"href":"https:\/\/pos-graduacao.uepb.edu.br\/ppgss\/wp-json\/wp\/v2\/posts\/3212\/revisions\/3214"}],"wp:attachment":[{"href":"https:\/\/pos-graduacao.uepb.edu.br\/ppgss\/wp-json\/wp\/v2\/media?parent=3212"}],"wp:term":[{"taxonomy":"category","embeddable":true,"href":"https:\/\/pos-graduacao.uepb.edu.br\/ppgss\/wp-json\/wp\/v2\/categories?post=3212"},{"taxonomy":"post_tag","embeddable":true,"href":"https:\/\/pos-graduacao.uepb.edu.br\/ppgss\/wp-json\/wp\/v2\/tags?post=3212"}],"curies":[{"name":"wp","href":"https:\/\/api.w.org\/{rel}","templated":true}]}}