{"id":3188,"date":"2025-07-18T14:55:00","date_gmt":"2025-07-18T14:55:00","guid":{"rendered":"https:\/\/pos-graduacao.uepb.edu.br\/ppgss\/?p=3188"},"modified":"2025-07-18T15:07:04","modified_gmt":"2025-07-18T15:07:04","slug":"edital-de-selecao-para-alunos-as-especiais","status":"publish","type":"post","link":"https:\/\/pos-graduacao.uepb.edu.br\/ppgss\/edital-de-selecao-para-alunos-as-especiais\/","title":{"rendered":"Edital de sele\u00e7\u00e3o para Alunos\/as especiais"},"content":{"rendered":"<p>A Coordena\u00e7\u00e3o do Programa de P\u00f3s-Gradua\u00e7\u00e3o em Servi\u00e7o Social torna p\u00fablico o Edital n\u00ba. 001\/2025 &#8211; <strong>Sele\u00e7\u00e3o para Aluno\/a Especial<\/strong>.\u00a0 Est\u00e3o sendo ofertadas 30 (trinta) vagas distribu\u00eddas para 3 (tr\u00eas) disciplinas. As inscri\u00e7\u00f5es poder\u00e3o ser realizadas at\u00e9 o dia<strong> 29 de julho de 2025.<\/strong><\/p>\n<p>Para acessar o Edital com detalhes sobre a sele\u00e7\u00e3o clique <a href=\"https:\/\/pos-graduacao.uepb.edu.br\/ppgss\/download\/aluno-a-especial-selecao-2025-2\/?wpdmdl=3189&amp;masterkey=23Z7inhsATkSCsZDXG9NtDD1ooiT7CcLsAtlv03VM20kjjmzOHdNPhueqRRShcuf4QvQAO29yEsiHSwU2C4yw8yC-PVgHU6dFYpFNqJQiek\">AQUI<\/a> e para acessar o formul\u00e1rio de inscri\u00e7\u00e3o (Anexo I) e Carta de Justificativa (Anexo II) em formato edit\u00e1vel, clique <a href=\"https:\/\/pos-graduacao.uepb.edu.br\/ppgss\/download\/anexos-edital-001-2025\/?wpdmdl=3191&amp;masterkey=_0NlVo2PSzjLVl-53U3sBK1eR2P6QODE35nZHE7Z5bV1hs6CAueb5979YvnRsDRadzfR6FWbAmOIJzbyLrzVGv_3t1_rFngl9Qbw2oL1Kf0\">AQUI.<\/a><\/p>\n","protected":false},"excerpt":{"rendered":"<p>A Coordena\u00e7\u00e3o do Programa de P\u00f3s-Gradua\u00e7\u00e3o em Servi\u00e7o Social torna p\u00fablico o Edital n\u00ba. 001\/2025 &#8211; Sele\u00e7\u00e3o para Aluno\/a Especial.\u00a0 Est\u00e3o sendo ofertadas 30 (trinta) vagas distribu\u00eddas para 3 (tr\u00eas) disciplinas. As inscri\u00e7\u00f5es poder\u00e3o ser realizadas at\u00e9 o dia 29 de julho de 2025. Para acessar o Edital com detalhes sobre a sele\u00e7\u00e3o clique AQUI <a class=\"leiamais\" href=\"https:\/\/pos-graduacao.uepb.edu.br\/ppgss\/edital-de-selecao-para-alunos-as-especiais\/\">Leia Mais&#8230;<\/a><\/p>\n","protected":false},"author":60,"featured_media":0,"comment_status":"open","ping_status":"open","sticky":false,"template":"","format":"standard","meta":{"footnotes":""},"categories":[5,13],"tags":[],"class_list":["post-3188","post","type-post","status-publish","format-standard","hentry","category-noticias","category-noticias-destaque"],"_links":{"self":[{"href":"https:\/\/pos-graduacao.uepb.edu.br\/ppgss\/wp-json\/wp\/v2\/posts\/3188","targetHints":{"allow":["GET"]}}],"collection":[{"href":"https:\/\/pos-graduacao.uepb.edu.br\/ppgss\/wp-json\/wp\/v2\/posts"}],"about":[{"href":"https:\/\/pos-graduacao.uepb.edu.br\/ppgss\/wp-json\/wp\/v2\/types\/post"}],"author":[{"embeddable":true,"href":"https:\/\/pos-graduacao.uepb.edu.br\/ppgss\/wp-json\/wp\/v2\/users\/60"}],"replies":[{"embeddable":true,"href":"https:\/\/pos-graduacao.uepb.edu.br\/ppgss\/wp-json\/wp\/v2\/comments?post=3188"}],"version-history":[{"count":3,"href":"https:\/\/pos-graduacao.uepb.edu.br\/ppgss\/wp-json\/wp\/v2\/posts\/3188\/revisions"}],"predecessor-version":[{"id":3195,"href":"https:\/\/pos-graduacao.uepb.edu.br\/ppgss\/wp-json\/wp\/v2\/posts\/3188\/revisions\/3195"}],"wp:attachment":[{"href":"https:\/\/pos-graduacao.uepb.edu.br\/ppgss\/wp-json\/wp\/v2\/media?parent=3188"}],"wp:term":[{"taxonomy":"category","embeddable":true,"href":"https:\/\/pos-graduacao.uepb.edu.br\/ppgss\/wp-json\/wp\/v2\/categories?post=3188"},{"taxonomy":"post_tag","embeddable":true,"href":"https:\/\/pos-graduacao.uepb.edu.br\/ppgss\/wp-json\/wp\/v2\/tags?post=3188"}],"curies":[{"name":"wp","href":"https:\/\/api.w.org\/{rel}","templated":true}]}}