{"id":3180,"date":"2025-07-14T15:20:55","date_gmt":"2025-07-14T15:20:55","guid":{"rendered":"https:\/\/pos-graduacao.uepb.edu.br\/ppgss\/?p=3180"},"modified":"2025-07-14T15:20:55","modified_gmt":"2025-07-14T15:20:55","slug":"retificacao-resultado-da-analise-da-carta-de-intencao-e-do-curriculo-lattes-selecao-para-composicao-da-equipe-do-projeto-de-implantacao-do-nucleo-de-formacao-continuada-para-conselheiros-de-direit","status":"publish","type":"post","link":"https:\/\/pos-graduacao.uepb.edu.br\/ppgss\/retificacao-resultado-da-analise-da-carta-de-intencao-e-do-curriculo-lattes-selecao-para-composicao-da-equipe-do-projeto-de-implantacao-do-nucleo-de-formacao-continuada-para-conselheiros-de-direit\/","title":{"rendered":"RETIFICA\u00c7\u00c3O &#8211; Resultado da an\u00e1lise da carta de inten\u00e7\u00e3o e do curr\u00edculo lattes &#8211; Sele\u00e7\u00e3o para composi\u00e7\u00e3o da equipe do projeto de implanta\u00e7\u00e3o do N\u00facleo de Forma\u00e7\u00e3o Continuada para Conselheiros de Direitos e Tutelares da Para\u00edba"},"content":{"rendered":"<p>A Coordena\u00e7\u00e3o do Programa de P\u00f3s-Gradua\u00e7\u00e3o em Servi\u00e7o Social (PPGSS) e o N\u00facleo de Estudo, Pesquisa e Extens\u00e3o Comunit\u00e1ria Infantojuvenil (NUPECIJ) da Universidade Estadual da Para\u00edba (UEPB) divulgam a RETIFICA\u00c7\u00c3O do resultado da an\u00e1lise da carta de inten\u00e7\u00e3o e do curr\u00edculo <em>lattes <\/em>dos candidatos\/as \u00e0\u00a0sele\u00e7\u00e3o da equipe do N\u00facleo de Forma\u00e7\u00e3o Continuada para Conselheiros de Direitos e Tutelares.<\/p>\n<p>Para acessar o documento, clique\u00a0<a href=\"https:\/\/pos-graduacao.uepb.edu.br\/ppgss\/download\/retificacao-resultado-da-analise-de-curriculo-e-carta-de-intencao\/?wpdmdl=3182&amp;masterkey=AIHAuB1nNvYjKnoUsqlF2yyoeOPMiANQrDBMnYolhtEpnQ9qIdv7ULAdaUXDZKTi6qcZjjxzxyfiaFCnnqRuCACYfaa--eujvWt3JMRmtaw\">AQUI<\/a>.<\/p>\n","protected":false},"excerpt":{"rendered":"<p>A Coordena\u00e7\u00e3o do Programa de P\u00f3s-Gradua\u00e7\u00e3o em Servi\u00e7o Social (PPGSS) e o N\u00facleo de Estudo, Pesquisa e Extens\u00e3o Comunit\u00e1ria Infantojuvenil (NUPECIJ) da Universidade Estadual da Para\u00edba (UEPB) divulgam a RETIFICA\u00c7\u00c3O do resultado da an\u00e1lise da carta de inten\u00e7\u00e3o e do curr\u00edculo lattes dos candidatos\/as \u00e0\u00a0sele\u00e7\u00e3o da equipe do N\u00facleo de Forma\u00e7\u00e3o Continuada para Conselheiros de <a class=\"leiamais\" href=\"https:\/\/pos-graduacao.uepb.edu.br\/ppgss\/retificacao-resultado-da-analise-da-carta-de-intencao-e-do-curriculo-lattes-selecao-para-composicao-da-equipe-do-projeto-de-implantacao-do-nucleo-de-formacao-continuada-para-conselheiros-de-direit\/\">Leia Mais&#8230;<\/a><\/p>\n","protected":false},"author":60,"featured_media":0,"comment_status":"open","ping_status":"open","sticky":false,"template":"","format":"standard","meta":{"footnotes":""},"categories":[5,13],"tags":[],"class_list":["post-3180","post","type-post","status-publish","format-standard","hentry","category-noticias","category-noticias-destaque"],"_links":{"self":[{"href":"https:\/\/pos-graduacao.uepb.edu.br\/ppgss\/wp-json\/wp\/v2\/posts\/3180","targetHints":{"allow":["GET"]}}],"collection":[{"href":"https:\/\/pos-graduacao.uepb.edu.br\/ppgss\/wp-json\/wp\/v2\/posts"}],"about":[{"href":"https:\/\/pos-graduacao.uepb.edu.br\/ppgss\/wp-json\/wp\/v2\/types\/post"}],"author":[{"embeddable":true,"href":"https:\/\/pos-graduacao.uepb.edu.br\/ppgss\/wp-json\/wp\/v2\/users\/60"}],"replies":[{"embeddable":true,"href":"https:\/\/pos-graduacao.uepb.edu.br\/ppgss\/wp-json\/wp\/v2\/comments?post=3180"}],"version-history":[{"count":1,"href":"https:\/\/pos-graduacao.uepb.edu.br\/ppgss\/wp-json\/wp\/v2\/posts\/3180\/revisions"}],"predecessor-version":[{"id":3183,"href":"https:\/\/pos-graduacao.uepb.edu.br\/ppgss\/wp-json\/wp\/v2\/posts\/3180\/revisions\/3183"}],"wp:attachment":[{"href":"https:\/\/pos-graduacao.uepb.edu.br\/ppgss\/wp-json\/wp\/v2\/media?parent=3180"}],"wp:term":[{"taxonomy":"category","embeddable":true,"href":"https:\/\/pos-graduacao.uepb.edu.br\/ppgss\/wp-json\/wp\/v2\/categories?post=3180"},{"taxonomy":"post_tag","embeddable":true,"href":"https:\/\/pos-graduacao.uepb.edu.br\/ppgss\/wp-json\/wp\/v2\/tags?post=3180"}],"curies":[{"name":"wp","href":"https:\/\/api.w.org\/{rel}","templated":true}]}}