{"id":3144,"date":"2025-07-01T14:19:10","date_gmt":"2025-07-01T14:19:10","guid":{"rendered":"https:\/\/pos-graduacao.uepb.edu.br\/ppgss\/?p=3144"},"modified":"2025-07-01T14:19:10","modified_gmt":"2025-07-01T14:19:10","slug":"convite-especial-lancamento-da-escola-de-formacao-continuada-do-sistema-de-garantia-de-direitos-de-criancas-e-adolescentes-da-paraiba","status":"publish","type":"post","link":"https:\/\/pos-graduacao.uepb.edu.br\/ppgss\/convite-especial-lancamento-da-escola-de-formacao-continuada-do-sistema-de-garantia-de-direitos-de-criancas-e-adolescentes-da-paraiba\/","title":{"rendered":"Convite especial: Lan\u00e7amento da Escola de Forma\u00e7\u00e3o Continuada do Sistema de Garantia de Direitos de Crian\u00e7as e Adolescentes da Para\u00edba"},"content":{"rendered":"<p>O Programa de P\u00f3s-Gradua\u00e7\u00e3o em Servi\u00e7o Social da Universidade Estadual da Para\u00edba (PPGSS\/UEPB) e o N\u00facleo de Extens\u00e3o Comunit\u00e1ria Infantojuvenil (NUPECIJ) convidam a todos\/as para o lan\u00e7amento da Escola de Forma\u00e7\u00e3o Continuada do Sistema de Garantia de Direitos de Crian\u00e7as e Adolescentes da Para\u00edba. A Escola, al\u00e9m de capacitar de forma permanente e continuada todos os atores &#8211; conselheiros tutelares, conselheiros de direitos, profissionais da assist\u00eancia social, educa\u00e7\u00e3o, sa\u00fade, justi\u00e7a, seguran\u00e7a p\u00fablica, entre outros &#8211; que integram o Sistema de Garantia de Direitos de Crian\u00e7as e do Adolescente (SGDCA), busca fortalecer a atua\u00e7\u00e3o de todos\/as que fazem parte do Sistema.<\/p>\n<p>Vamos juntos\/as construir uma rede mais preparada e engajada.<\/p>\n<p>Inscreva-se atrav\u00e9s do link: <a href=\"https:\/\/doity.com.br\/lancamento-efcsgdcapb\">https:\/\/doity.com.br\/lancamento-efcsgdcapb<\/a><\/p>\n<p><a href=\"https:\/\/pos-graduacao.uepb.edu.br\/ppgss\/files\/2025\/07\/WhatsApp-Image-2025-06-28-at-14.49.45.jpeg\"><img loading=\"lazy\" decoding=\"async\" class=\"alignleft  wp-image-3146 img-responsive\" src=\"https:\/\/pos-graduacao.uepb.edu.br\/ppgss\/files\/2025\/07\/WhatsApp-Image-2025-06-28-at-14.49.45.jpeg\" alt=\"\" width=\"893\" height=\"790\" srcset=\"https:\/\/pos-graduacao.uepb.edu.br\/ppgss\/files\/2025\/07\/WhatsApp-Image-2025-06-28-at-14.49.45.jpeg 1280w, https:\/\/pos-graduacao.uepb.edu.br\/ppgss\/files\/2025\/07\/WhatsApp-Image-2025-06-28-at-14.49.45-300x265.jpeg 300w, https:\/\/pos-graduacao.uepb.edu.br\/ppgss\/files\/2025\/07\/WhatsApp-Image-2025-06-28-at-14.49.45-900x796.jpeg 900w\" sizes=\"auto, (max-width: 893px) 100vw, 893px\" \/><\/a><\/p>\n","protected":false},"excerpt":{"rendered":"<p>O Programa de P\u00f3s-Gradua\u00e7\u00e3o em Servi\u00e7o Social da Universidade Estadual da Para\u00edba (PPGSS\/UEPB) e o N\u00facleo de Extens\u00e3o Comunit\u00e1ria Infantojuvenil (NUPECIJ) convidam a todos\/as para o lan\u00e7amento da Escola de Forma\u00e7\u00e3o Continuada do Sistema de Garantia de Direitos de Crian\u00e7as e Adolescentes da Para\u00edba. A Escola, al\u00e9m de capacitar de forma permanente e continuada todos <a class=\"leiamais\" href=\"https:\/\/pos-graduacao.uepb.edu.br\/ppgss\/convite-especial-lancamento-da-escola-de-formacao-continuada-do-sistema-de-garantia-de-direitos-de-criancas-e-adolescentes-da-paraiba\/\">Leia Mais&#8230;<\/a><\/p>\n","protected":false},"author":60,"featured_media":0,"comment_status":"open","ping_status":"open","sticky":false,"template":"","format":"standard","meta":{"footnotes":""},"categories":[5,13],"tags":[],"class_list":["post-3144","post","type-post","status-publish","format-standard","hentry","category-noticias","category-noticias-destaque"],"_links":{"self":[{"href":"https:\/\/pos-graduacao.uepb.edu.br\/ppgss\/wp-json\/wp\/v2\/posts\/3144","targetHints":{"allow":["GET"]}}],"collection":[{"href":"https:\/\/pos-graduacao.uepb.edu.br\/ppgss\/wp-json\/wp\/v2\/posts"}],"about":[{"href":"https:\/\/pos-graduacao.uepb.edu.br\/ppgss\/wp-json\/wp\/v2\/types\/post"}],"author":[{"embeddable":true,"href":"https:\/\/pos-graduacao.uepb.edu.br\/ppgss\/wp-json\/wp\/v2\/users\/60"}],"replies":[{"embeddable":true,"href":"https:\/\/pos-graduacao.uepb.edu.br\/ppgss\/wp-json\/wp\/v2\/comments?post=3144"}],"version-history":[{"count":1,"href":"https:\/\/pos-graduacao.uepb.edu.br\/ppgss\/wp-json\/wp\/v2\/posts\/3144\/revisions"}],"predecessor-version":[{"id":3147,"href":"https:\/\/pos-graduacao.uepb.edu.br\/ppgss\/wp-json\/wp\/v2\/posts\/3144\/revisions\/3147"}],"wp:attachment":[{"href":"https:\/\/pos-graduacao.uepb.edu.br\/ppgss\/wp-json\/wp\/v2\/media?parent=3144"}],"wp:term":[{"taxonomy":"category","embeddable":true,"href":"https:\/\/pos-graduacao.uepb.edu.br\/ppgss\/wp-json\/wp\/v2\/categories?post=3144"},{"taxonomy":"post_tag","embeddable":true,"href":"https:\/\/pos-graduacao.uepb.edu.br\/ppgss\/wp-json\/wp\/v2\/tags?post=3144"}],"curies":[{"name":"wp","href":"https:\/\/api.w.org\/{rel}","templated":true}]}}