{"id":3135,"date":"2025-06-27T13:29:45","date_gmt":"2025-06-27T13:29:45","guid":{"rendered":"https:\/\/pos-graduacao.uepb.edu.br\/ppgss\/?p=3135"},"modified":"2025-06-27T13:29:45","modified_gmt":"2025-06-27T13:29:45","slug":"117a-sessao-publica-de-defesa-de-dissertacao-de-mestrado","status":"publish","type":"post","link":"https:\/\/pos-graduacao.uepb.edu.br\/ppgss\/117a-sessao-publica-de-defesa-de-dissertacao-de-mestrado\/","title":{"rendered":"117\u00aa sess\u00e3o p\u00fablica de defesa de Disserta\u00e7\u00e3o de Mestrado"},"content":{"rendered":"<p>O Programa de P\u00f3s-Gradua\u00e7\u00e3o em Servi\u00e7o Social convida a comunidade acad\u00eamica para a Defesa P\u00fablica de Disserta\u00e7\u00e3o de Mestrado do discente <strong>Saimo Gabriel Mota de Souza <\/strong>que acontecer\u00e1 no dia<strong> 30 de junho<\/strong>, a partir das<strong> 15h00<\/strong>, na<b>\u00a0<\/b>Plataforma\u00a0<i>Google Meet<\/i><b>,\u00a0<\/b>atrav\u00e9s do link: <a href=\"https:\/\/meet.google.com\/bqs-fixf-dfj\">https:\/\/meet.google.com\/bqs-fixf-dfj<\/a><\/p>\n<p><a href=\"https:\/\/pos-graduacao.uepb.edu.br\/ppgss\/files\/2025\/06\/Convite-Saimo.jpg\"><img loading=\"lazy\" decoding=\"async\" class=\"alignleft  wp-image-3136 img-responsive\" src=\"https:\/\/pos-graduacao.uepb.edu.br\/ppgss\/files\/2025\/06\/Convite-Saimo.jpg\" alt=\"\" width=\"814\" height=\"629\" srcset=\"https:\/\/pos-graduacao.uepb.edu.br\/ppgss\/files\/2025\/06\/Convite-Saimo.jpg 2000w, https:\/\/pos-graduacao.uepb.edu.br\/ppgss\/files\/2025\/06\/Convite-Saimo-300x232.jpg 300w, https:\/\/pos-graduacao.uepb.edu.br\/ppgss\/files\/2025\/06\/Convite-Saimo-1536x1187.jpg 1536w, https:\/\/pos-graduacao.uepb.edu.br\/ppgss\/files\/2025\/06\/Convite-Saimo-1030x796.jpg 1030w\" sizes=\"auto, (max-width: 814px) 100vw, 814px\" \/><\/a><\/p>\n","protected":false},"excerpt":{"rendered":"<p>O Programa de P\u00f3s-Gradua\u00e7\u00e3o em Servi\u00e7o Social convida a comunidade acad\u00eamica para a Defesa P\u00fablica de Disserta\u00e7\u00e3o de Mestrado do discente Saimo Gabriel Mota de Souza que acontecer\u00e1 no dia 30 de junho, a partir das 15h00, na\u00a0Plataforma\u00a0Google Meet,\u00a0atrav\u00e9s do link: https:\/\/meet.google.com\/bqs-fixf-dfj<\/p>\n","protected":false},"author":60,"featured_media":0,"comment_status":"open","ping_status":"open","sticky":false,"template":"","format":"standard","meta":{"footnotes":""},"categories":[5,13],"tags":[],"class_list":["post-3135","post","type-post","status-publish","format-standard","hentry","category-noticias","category-noticias-destaque"],"_links":{"self":[{"href":"https:\/\/pos-graduacao.uepb.edu.br\/ppgss\/wp-json\/wp\/v2\/posts\/3135","targetHints":{"allow":["GET"]}}],"collection":[{"href":"https:\/\/pos-graduacao.uepb.edu.br\/ppgss\/wp-json\/wp\/v2\/posts"}],"about":[{"href":"https:\/\/pos-graduacao.uepb.edu.br\/ppgss\/wp-json\/wp\/v2\/types\/post"}],"author":[{"embeddable":true,"href":"https:\/\/pos-graduacao.uepb.edu.br\/ppgss\/wp-json\/wp\/v2\/users\/60"}],"replies":[{"embeddable":true,"href":"https:\/\/pos-graduacao.uepb.edu.br\/ppgss\/wp-json\/wp\/v2\/comments?post=3135"}],"version-history":[{"count":1,"href":"https:\/\/pos-graduacao.uepb.edu.br\/ppgss\/wp-json\/wp\/v2\/posts\/3135\/revisions"}],"predecessor-version":[{"id":3137,"href":"https:\/\/pos-graduacao.uepb.edu.br\/ppgss\/wp-json\/wp\/v2\/posts\/3135\/revisions\/3137"}],"wp:attachment":[{"href":"https:\/\/pos-graduacao.uepb.edu.br\/ppgss\/wp-json\/wp\/v2\/media?parent=3135"}],"wp:term":[{"taxonomy":"category","embeddable":true,"href":"https:\/\/pos-graduacao.uepb.edu.br\/ppgss\/wp-json\/wp\/v2\/categories?post=3135"},{"taxonomy":"post_tag","embeddable":true,"href":"https:\/\/pos-graduacao.uepb.edu.br\/ppgss\/wp-json\/wp\/v2\/tags?post=3135"}],"curies":[{"name":"wp","href":"https:\/\/api.w.org\/{rel}","templated":true}]}}