{"id":3126,"date":"2025-06-25T15:28:02","date_gmt":"2025-06-25T15:28:02","guid":{"rendered":"https:\/\/pos-graduacao.uepb.edu.br\/ppgss\/?p=3126"},"modified":"2025-06-25T15:37:27","modified_gmt":"2025-06-25T15:37:27","slug":"retificacao-de-edital-nucleo-de-formacao-continuada-para-conselheiros-de-direitos-e-tutelares-da-paraiba","status":"publish","type":"post","link":"https:\/\/pos-graduacao.uepb.edu.br\/ppgss\/retificacao-de-edital-nucleo-de-formacao-continuada-para-conselheiros-de-direitos-e-tutelares-da-paraiba\/","title":{"rendered":"RETIFICA\u00c7\u00c3O de Edital &#8211; N\u00facleo de Forma\u00e7\u00e3o Continuada para Conselheiros de Direitos e Tutelares da Para\u00edba"},"content":{"rendered":"<p>A Coordena\u00e7\u00e3o do Programa de P\u00f3s-Gradua\u00e7\u00e3o em Servi\u00e7o Social (PPGSS) e o N\u00facleo de Estudo, Pesquisa e Extens\u00e3o Comunit\u00e1ria (NUPECIJ) da Universidade Estadual da Para\u00edba (UEPB), Campus I tornam p\u00fablico a <strong>RETIFICA\u00c7\u00c3O <\/strong>do\u00a0Edital que estabelece as normas do Processo Seletivo para o preenchimento de vagas que ir\u00e3o compor a equipe de execu\u00e7\u00e3o do Plano de Trabalho para o per\u00edodo de 2025 \u00e0 2026 do N\u00daCLEO DE FORMA\u00c7\u00c3O CONTINUADA PARA CONSELHEIROS DE DIREITOS E TUTELARES DA PARA\u00cdBA.<\/p>\n<p>O Edital RETIFICADO pode ser acessado <a href=\"https:\/\/pos-graduacao.uepb.edu.br\/ppgss\/download\/retificacao-edital-escola-de-conselhos\/?wpdmdl=3131&amp;masterkey=Ymq3rCqgx_-WMMABCnmzSNp17MqppnvhrblzWjj_iJ941o4Bmr7E1pB81rRiKoywXy8ibxG9YAJqH8r0BSyaOieRZBVI4cIAOFVD-8Kj5-w\">AQUI<\/a>.<\/p>\n","protected":false},"excerpt":{"rendered":"<p>A Coordena\u00e7\u00e3o do Programa de P\u00f3s-Gradua\u00e7\u00e3o em Servi\u00e7o Social (PPGSS) e o N\u00facleo de Estudo, Pesquisa e Extens\u00e3o Comunit\u00e1ria (NUPECIJ) da Universidade Estadual da Para\u00edba (UEPB), Campus I tornam p\u00fablico a RETIFICA\u00c7\u00c3O do\u00a0Edital que estabelece as normas do Processo Seletivo para o preenchimento de vagas que ir\u00e3o compor a equipe de execu\u00e7\u00e3o do Plano de <a class=\"leiamais\" href=\"https:\/\/pos-graduacao.uepb.edu.br\/ppgss\/retificacao-de-edital-nucleo-de-formacao-continuada-para-conselheiros-de-direitos-e-tutelares-da-paraiba\/\">Leia Mais&#8230;<\/a><\/p>\n","protected":false},"author":60,"featured_media":0,"comment_status":"open","ping_status":"open","sticky":false,"template":"","format":"standard","meta":{"footnotes":""},"categories":[5,13],"tags":[],"class_list":["post-3126","post","type-post","status-publish","format-standard","hentry","category-noticias","category-noticias-destaque"],"_links":{"self":[{"href":"https:\/\/pos-graduacao.uepb.edu.br\/ppgss\/wp-json\/wp\/v2\/posts\/3126","targetHints":{"allow":["GET"]}}],"collection":[{"href":"https:\/\/pos-graduacao.uepb.edu.br\/ppgss\/wp-json\/wp\/v2\/posts"}],"about":[{"href":"https:\/\/pos-graduacao.uepb.edu.br\/ppgss\/wp-json\/wp\/v2\/types\/post"}],"author":[{"embeddable":true,"href":"https:\/\/pos-graduacao.uepb.edu.br\/ppgss\/wp-json\/wp\/v2\/users\/60"}],"replies":[{"embeddable":true,"href":"https:\/\/pos-graduacao.uepb.edu.br\/ppgss\/wp-json\/wp\/v2\/comments?post=3126"}],"version-history":[{"count":3,"href":"https:\/\/pos-graduacao.uepb.edu.br\/ppgss\/wp-json\/wp\/v2\/posts\/3126\/revisions"}],"predecessor-version":[{"id":3132,"href":"https:\/\/pos-graduacao.uepb.edu.br\/ppgss\/wp-json\/wp\/v2\/posts\/3126\/revisions\/3132"}],"wp:attachment":[{"href":"https:\/\/pos-graduacao.uepb.edu.br\/ppgss\/wp-json\/wp\/v2\/media?parent=3126"}],"wp:term":[{"taxonomy":"category","embeddable":true,"href":"https:\/\/pos-graduacao.uepb.edu.br\/ppgss\/wp-json\/wp\/v2\/categories?post=3126"},{"taxonomy":"post_tag","embeddable":true,"href":"https:\/\/pos-graduacao.uepb.edu.br\/ppgss\/wp-json\/wp\/v2\/tags?post=3126"}],"curies":[{"name":"wp","href":"https:\/\/api.w.org\/{rel}","templated":true}]}}