{"id":3121,"date":"2025-06-18T13:41:51","date_gmt":"2025-06-18T13:41:51","guid":{"rendered":"https:\/\/pos-graduacao.uepb.edu.br\/ppgss\/?p=3121"},"modified":"2025-06-18T13:41:51","modified_gmt":"2025-06-18T13:41:51","slug":"edital-selecao-para-composicao-da-equipe-do-projeto-de-implantacao-do-nucleo-de-formacao-continuada-para-conselheiros-de-direitos-e-tutelares-da-paraiba","status":"publish","type":"post","link":"https:\/\/pos-graduacao.uepb.edu.br\/ppgss\/edital-selecao-para-composicao-da-equipe-do-projeto-de-implantacao-do-nucleo-de-formacao-continuada-para-conselheiros-de-direitos-e-tutelares-da-paraiba\/","title":{"rendered":"Edital &#8211; Sele\u00e7\u00e3o para composi\u00e7\u00e3o da equipe do projeto de implanta\u00e7\u00e3o do N\u00facleo de Forma\u00e7\u00e3o Continuada para Conselheiros de Direitos e Tutelares da Para\u00edba"},"content":{"rendered":"<p>A Coordena\u00e7\u00e3o do Programa de P\u00f3s-Gradua\u00e7\u00e3o em Servi\u00e7o Social (PPGSS) e o N\u00facleo de Estudo, Pesquisa e Extens\u00e3o Comunit\u00e1ria (NUPECIJ) da Universidade Estadual da Para\u00edba (UEPB), Campus I tornam p\u00fablico o presente Edital que estabelece as normas do Processo Seletivo para o preenchimento de vagas que ir\u00e3o compor a equipe de execu\u00e7\u00e3o do Plano de Trabalho para o per\u00edodo de 2025 \u00e0 2026 do N\u00daCLEO DE FORMA\u00c7\u00c3O CONTINUADA PARA CONSELHEIROS DE DIREITOS E TUTELARES DA PARA\u00cdBA.<\/p>\n<p>O referido Edital, com o detalhamento do Processo Seletivo, pode ser acessado clicando <a href=\"https:\/\/pos-graduacao.uepb.edu.br\/ppgss\/download\/edital-escola-de-conselhos-da-paraiba\/?wpdmdl=3122&amp;masterkey=fj4eXIfB8yxzRj1BkN9ujALE-7a4dl7hQ6zrkGsPRX-tzoaa63OlvlIF-ITuIln06fZz-Mn7H6BdFYQwj_J1qU9ehdbxLrPXCLxMCH1a5Ek\">AQUI<\/a>.<\/p>\n<p>&nbsp;<\/p>\n<p>&nbsp;<\/p>\n<p>&nbsp;<\/p>\n","protected":false},"excerpt":{"rendered":"<p>A Coordena\u00e7\u00e3o do Programa de P\u00f3s-Gradua\u00e7\u00e3o em Servi\u00e7o Social (PPGSS) e o N\u00facleo de Estudo, Pesquisa e Extens\u00e3o Comunit\u00e1ria (NUPECIJ) da Universidade Estadual da Para\u00edba (UEPB), Campus I tornam p\u00fablico o presente Edital que estabelece as normas do Processo Seletivo para o preenchimento de vagas que ir\u00e3o compor a equipe de execu\u00e7\u00e3o do Plano de <a class=\"leiamais\" href=\"https:\/\/pos-graduacao.uepb.edu.br\/ppgss\/edital-selecao-para-composicao-da-equipe-do-projeto-de-implantacao-do-nucleo-de-formacao-continuada-para-conselheiros-de-direitos-e-tutelares-da-paraiba\/\">Leia Mais&#8230;<\/a><\/p>\n","protected":false},"author":60,"featured_media":0,"comment_status":"open","ping_status":"open","sticky":false,"template":"","format":"standard","meta":{"footnotes":""},"categories":[5,13],"tags":[],"class_list":["post-3121","post","type-post","status-publish","format-standard","hentry","category-noticias","category-noticias-destaque"],"_links":{"self":[{"href":"https:\/\/pos-graduacao.uepb.edu.br\/ppgss\/wp-json\/wp\/v2\/posts\/3121","targetHints":{"allow":["GET"]}}],"collection":[{"href":"https:\/\/pos-graduacao.uepb.edu.br\/ppgss\/wp-json\/wp\/v2\/posts"}],"about":[{"href":"https:\/\/pos-graduacao.uepb.edu.br\/ppgss\/wp-json\/wp\/v2\/types\/post"}],"author":[{"embeddable":true,"href":"https:\/\/pos-graduacao.uepb.edu.br\/ppgss\/wp-json\/wp\/v2\/users\/60"}],"replies":[{"embeddable":true,"href":"https:\/\/pos-graduacao.uepb.edu.br\/ppgss\/wp-json\/wp\/v2\/comments?post=3121"}],"version-history":[{"count":1,"href":"https:\/\/pos-graduacao.uepb.edu.br\/ppgss\/wp-json\/wp\/v2\/posts\/3121\/revisions"}],"predecessor-version":[{"id":3125,"href":"https:\/\/pos-graduacao.uepb.edu.br\/ppgss\/wp-json\/wp\/v2\/posts\/3121\/revisions\/3125"}],"wp:attachment":[{"href":"https:\/\/pos-graduacao.uepb.edu.br\/ppgss\/wp-json\/wp\/v2\/media?parent=3121"}],"wp:term":[{"taxonomy":"category","embeddable":true,"href":"https:\/\/pos-graduacao.uepb.edu.br\/ppgss\/wp-json\/wp\/v2\/categories?post=3121"},{"taxonomy":"post_tag","embeddable":true,"href":"https:\/\/pos-graduacao.uepb.edu.br\/ppgss\/wp-json\/wp\/v2\/tags?post=3121"}],"curies":[{"name":"wp","href":"https:\/\/api.w.org\/{rel}","templated":true}]}}