{"id":3117,"date":"2025-04-03T12:34:23","date_gmt":"2025-04-03T12:34:23","guid":{"rendered":"https:\/\/pos-graduacao.uepb.edu.br\/ppgss\/?p=3117"},"modified":"2025-04-03T12:34:23","modified_gmt":"2025-04-03T12:34:23","slug":"114a-sessao-publica-de-defesa-de-dissertacao-de-mestrado","status":"publish","type":"post","link":"https:\/\/pos-graduacao.uepb.edu.br\/ppgss\/114a-sessao-publica-de-defesa-de-dissertacao-de-mestrado\/","title":{"rendered":"114\u00aa sess\u00e3o p\u00fablica de defesa de Disserta\u00e7\u00e3o de Mestrado"},"content":{"rendered":"<p>O Programa de P\u00f3s-Gradua\u00e7\u00e3o em Servi\u00e7o Social convida a comunidade acad\u00eamica para a Defesa P\u00fablica de Disserta\u00e7\u00e3o de Mestrado da discente <strong>Ruth Ferreira Conserva Andrade <\/strong>que acontecer\u00e1 no dia<strong> 04 de abril<\/strong>, a partir das <strong>14h30<\/strong>, na Sala <strong>339<\/strong> da Central Acad\u00eamica Paulo Freire:<\/p>\n<p><a href=\"https:\/\/pos-graduacao.uepb.edu.br\/ppgss\/files\/2025\/04\/Convite-Ruth.jpg\"><img loading=\"lazy\" decoding=\"async\" class=\"alignleft  wp-image-3118 img-responsive\" src=\"https:\/\/pos-graduacao.uepb.edu.br\/ppgss\/files\/2025\/04\/Convite-Ruth.jpg\" alt=\"\" width=\"735\" height=\"568\" srcset=\"https:\/\/pos-graduacao.uepb.edu.br\/ppgss\/files\/2025\/04\/Convite-Ruth.jpg 2000w, https:\/\/pos-graduacao.uepb.edu.br\/ppgss\/files\/2025\/04\/Convite-Ruth-300x232.jpg 300w, https:\/\/pos-graduacao.uepb.edu.br\/ppgss\/files\/2025\/04\/Convite-Ruth-1536x1187.jpg 1536w, https:\/\/pos-graduacao.uepb.edu.br\/ppgss\/files\/2025\/04\/Convite-Ruth-1030x796.jpg 1030w\" sizes=\"auto, (max-width: 735px) 100vw, 735px\" \/><\/a><\/p>\n","protected":false},"excerpt":{"rendered":"<p>O Programa de P\u00f3s-Gradua\u00e7\u00e3o em Servi\u00e7o Social convida a comunidade acad\u00eamica para a Defesa P\u00fablica de Disserta\u00e7\u00e3o de Mestrado da discente Ruth Ferreira Conserva Andrade que acontecer\u00e1 no dia 04 de abril, a partir das 14h30, na Sala 339 da Central Acad\u00eamica Paulo Freire:<\/p>\n","protected":false},"author":60,"featured_media":0,"comment_status":"open","ping_status":"open","sticky":false,"template":"","format":"standard","meta":{"footnotes":""},"categories":[5,13],"tags":[],"class_list":["post-3117","post","type-post","status-publish","format-standard","hentry","category-noticias","category-noticias-destaque"],"_links":{"self":[{"href":"https:\/\/pos-graduacao.uepb.edu.br\/ppgss\/wp-json\/wp\/v2\/posts\/3117","targetHints":{"allow":["GET"]}}],"collection":[{"href":"https:\/\/pos-graduacao.uepb.edu.br\/ppgss\/wp-json\/wp\/v2\/posts"}],"about":[{"href":"https:\/\/pos-graduacao.uepb.edu.br\/ppgss\/wp-json\/wp\/v2\/types\/post"}],"author":[{"embeddable":true,"href":"https:\/\/pos-graduacao.uepb.edu.br\/ppgss\/wp-json\/wp\/v2\/users\/60"}],"replies":[{"embeddable":true,"href":"https:\/\/pos-graduacao.uepb.edu.br\/ppgss\/wp-json\/wp\/v2\/comments?post=3117"}],"version-history":[{"count":1,"href":"https:\/\/pos-graduacao.uepb.edu.br\/ppgss\/wp-json\/wp\/v2\/posts\/3117\/revisions"}],"predecessor-version":[{"id":3119,"href":"https:\/\/pos-graduacao.uepb.edu.br\/ppgss\/wp-json\/wp\/v2\/posts\/3117\/revisions\/3119"}],"wp:attachment":[{"href":"https:\/\/pos-graduacao.uepb.edu.br\/ppgss\/wp-json\/wp\/v2\/media?parent=3117"}],"wp:term":[{"taxonomy":"category","embeddable":true,"href":"https:\/\/pos-graduacao.uepb.edu.br\/ppgss\/wp-json\/wp\/v2\/categories?post=3117"},{"taxonomy":"post_tag","embeddable":true,"href":"https:\/\/pos-graduacao.uepb.edu.br\/ppgss\/wp-json\/wp\/v2\/tags?post=3117"}],"curies":[{"name":"wp","href":"https:\/\/api.w.org\/{rel}","templated":true}]}}