{"id":3113,"date":"2025-03-26T13:18:13","date_gmt":"2025-03-26T13:18:13","guid":{"rendered":"https:\/\/pos-graduacao.uepb.edu.br\/ppgss\/?p=3113"},"modified":"2025-03-26T13:18:13","modified_gmt":"2025-03-26T13:18:13","slug":"113a-sessao-publica-de-defesa-de-dissertacao-de-mestrado","status":"publish","type":"post","link":"https:\/\/pos-graduacao.uepb.edu.br\/ppgss\/113a-sessao-publica-de-defesa-de-dissertacao-de-mestrado\/","title":{"rendered":"113\u00aa sess\u00e3o p\u00fablica de defesa de Disserta\u00e7\u00e3o de Mestrado"},"content":{"rendered":"<p>O Programa de P\u00f3s-Gradua\u00e7\u00e3o em Servi\u00e7o Social convida a comunidade acad\u00eamica para a Defesa P\u00fablica de Disserta\u00e7\u00e3o de Mestrado da discente <strong>Samara Raquel da Silva Costa <\/strong>que acontecer\u00e1 no dia<strong> 27 de mar\u00e7o<\/strong>, a partir das <strong>15h00<\/strong>, na Sala <strong>339<\/strong> da Central Acad\u00eamica Paulo Freire:<\/p>\n<p><a href=\"https:\/\/pos-graduacao.uepb.edu.br\/ppgss\/files\/2025\/03\/Copia-de-Samara-Raquel.jpg\"><img loading=\"lazy\" decoding=\"async\" class=\"alignleft  wp-image-3114 img-responsive\" src=\"https:\/\/pos-graduacao.uepb.edu.br\/ppgss\/files\/2025\/03\/Copia-de-Samara-Raquel.jpg\" alt=\"\" width=\"827\" height=\"639\" srcset=\"https:\/\/pos-graduacao.uepb.edu.br\/ppgss\/files\/2025\/03\/Copia-de-Samara-Raquel.jpg 2000w, https:\/\/pos-graduacao.uepb.edu.br\/ppgss\/files\/2025\/03\/Copia-de-Samara-Raquel-300x232.jpg 300w, https:\/\/pos-graduacao.uepb.edu.br\/ppgss\/files\/2025\/03\/Copia-de-Samara-Raquel-1536x1187.jpg 1536w, https:\/\/pos-graduacao.uepb.edu.br\/ppgss\/files\/2025\/03\/Copia-de-Samara-Raquel-1030x796.jpg 1030w\" sizes=\"auto, (max-width: 827px) 100vw, 827px\" \/><\/a><\/p>\n","protected":false},"excerpt":{"rendered":"<p>O Programa de P\u00f3s-Gradua\u00e7\u00e3o em Servi\u00e7o Social convida a comunidade acad\u00eamica para a Defesa P\u00fablica de Disserta\u00e7\u00e3o de Mestrado da discente Samara Raquel da Silva Costa que acontecer\u00e1 no dia 27 de mar\u00e7o, a partir das 15h00, na Sala 339 da Central Acad\u00eamica Paulo Freire:<\/p>\n","protected":false},"author":60,"featured_media":0,"comment_status":"open","ping_status":"open","sticky":false,"template":"","format":"standard","meta":{"footnotes":""},"categories":[5,13],"tags":[],"class_list":["post-3113","post","type-post","status-publish","format-standard","hentry","category-noticias","category-noticias-destaque"],"_links":{"self":[{"href":"https:\/\/pos-graduacao.uepb.edu.br\/ppgss\/wp-json\/wp\/v2\/posts\/3113","targetHints":{"allow":["GET"]}}],"collection":[{"href":"https:\/\/pos-graduacao.uepb.edu.br\/ppgss\/wp-json\/wp\/v2\/posts"}],"about":[{"href":"https:\/\/pos-graduacao.uepb.edu.br\/ppgss\/wp-json\/wp\/v2\/types\/post"}],"author":[{"embeddable":true,"href":"https:\/\/pos-graduacao.uepb.edu.br\/ppgss\/wp-json\/wp\/v2\/users\/60"}],"replies":[{"embeddable":true,"href":"https:\/\/pos-graduacao.uepb.edu.br\/ppgss\/wp-json\/wp\/v2\/comments?post=3113"}],"version-history":[{"count":1,"href":"https:\/\/pos-graduacao.uepb.edu.br\/ppgss\/wp-json\/wp\/v2\/posts\/3113\/revisions"}],"predecessor-version":[{"id":3115,"href":"https:\/\/pos-graduacao.uepb.edu.br\/ppgss\/wp-json\/wp\/v2\/posts\/3113\/revisions\/3115"}],"wp:attachment":[{"href":"https:\/\/pos-graduacao.uepb.edu.br\/ppgss\/wp-json\/wp\/v2\/media?parent=3113"}],"wp:term":[{"taxonomy":"category","embeddable":true,"href":"https:\/\/pos-graduacao.uepb.edu.br\/ppgss\/wp-json\/wp\/v2\/categories?post=3113"},{"taxonomy":"post_tag","embeddable":true,"href":"https:\/\/pos-graduacao.uepb.edu.br\/ppgss\/wp-json\/wp\/v2\/tags?post=3113"}],"curies":[{"name":"wp","href":"https:\/\/api.w.org\/{rel}","templated":true}]}}