{"id":3092,"date":"2025-03-12T15:56:55","date_gmt":"2025-03-12T15:56:55","guid":{"rendered":"https:\/\/pos-graduacao.uepb.edu.br\/ppgss\/?p=3092"},"modified":"2025-03-12T15:56:55","modified_gmt":"2025-03-12T15:56:55","slug":"aula-inaugural-semestre-2025-1","status":"publish","type":"post","link":"https:\/\/pos-graduacao.uepb.edu.br\/ppgss\/aula-inaugural-semestre-2025-1\/","title":{"rendered":"Aula Inaugural &#8211; Semestre 2025.1"},"content":{"rendered":"<p>A Coordena\u00e7\u00e3o do Programa de P\u00f3s-Gradua\u00e7\u00e3o em Servi\u00e7o Social &#8211; PPGSS convida discentes e docentes do Mestrado em Servi\u00e7o Social para participarem, nos pr\u00f3ximos dias <strong>18 e 19 de mar\u00e7o de 2025<\/strong>, \u00a0no <strong>Audit\u00f3rio II<\/strong> da Central Acad\u00eamica Paulo Freire, da Aula Inaugural do Programa de P\u00f3s-Gradua\u00e7\u00e3o.<strong>\u00a0<\/strong>Abaixo, o detalhamento dos dois dias de programa\u00e7\u00e3o:<\/p>\n<p><a href=\"https:\/\/pos-graduacao.uepb.edu.br\/ppgss\/files\/2025\/03\/WhatsApp-Image-2025-03-12-at-09.08.35.jpeg\"><img loading=\"lazy\" decoding=\"async\" class=\"alignleft  wp-image-3094 img-responsive\" src=\"https:\/\/pos-graduacao.uepb.edu.br\/ppgss\/files\/2025\/03\/WhatsApp-Image-2025-03-12-at-09.08.35.jpeg\" alt=\"\" width=\"630\" height=\"630\" srcset=\"https:\/\/pos-graduacao.uepb.edu.br\/ppgss\/files\/2025\/03\/WhatsApp-Image-2025-03-12-at-09.08.35.jpeg 1080w, https:\/\/pos-graduacao.uepb.edu.br\/ppgss\/files\/2025\/03\/WhatsApp-Image-2025-03-12-at-09.08.35-300x300.jpeg 300w, https:\/\/pos-graduacao.uepb.edu.br\/ppgss\/files\/2025\/03\/WhatsApp-Image-2025-03-12-at-09.08.35-796x796.jpeg 796w\" sizes=\"auto, (max-width: 630px) 100vw, 630px\" \/><\/a><a href=\"https:\/\/pos-graduacao.uepb.edu.br\/ppgss\/files\/2025\/03\/WhatsApp-Image-2025-03-12-at-09.08.35-1.jpeg\"><img loading=\"lazy\" decoding=\"async\" class=\"alignleft  wp-image-3093 img-responsive\" src=\"https:\/\/pos-graduacao.uepb.edu.br\/ppgss\/files\/2025\/03\/WhatsApp-Image-2025-03-12-at-09.08.35-1.jpeg\" alt=\"\" width=\"630\" height=\"630\" srcset=\"https:\/\/pos-graduacao.uepb.edu.br\/ppgss\/files\/2025\/03\/WhatsApp-Image-2025-03-12-at-09.08.35-1.jpeg 1080w, https:\/\/pos-graduacao.uepb.edu.br\/ppgss\/files\/2025\/03\/WhatsApp-Image-2025-03-12-at-09.08.35-1-300x300.jpeg 300w, https:\/\/pos-graduacao.uepb.edu.br\/ppgss\/files\/2025\/03\/WhatsApp-Image-2025-03-12-at-09.08.35-1-796x796.jpeg 796w\" sizes=\"auto, (max-width: 630px) 100vw, 630px\" \/><\/a><\/p>\n","protected":false},"excerpt":{"rendered":"<p>A Coordena\u00e7\u00e3o do Programa de P\u00f3s-Gradua\u00e7\u00e3o em Servi\u00e7o Social &#8211; PPGSS convida discentes e docentes do Mestrado em Servi\u00e7o Social para participarem, nos pr\u00f3ximos dias 18 e 19 de mar\u00e7o de 2025, \u00a0no Audit\u00f3rio II da Central Acad\u00eamica Paulo Freire, da Aula Inaugural do Programa de P\u00f3s-Gradua\u00e7\u00e3o.\u00a0Abaixo, o detalhamento dos dois dias de programa\u00e7\u00e3o:<\/p>\n","protected":false},"author":60,"featured_media":0,"comment_status":"open","ping_status":"open","sticky":false,"template":"","format":"standard","meta":{"footnotes":""},"categories":[5,13],"tags":[],"class_list":["post-3092","post","type-post","status-publish","format-standard","hentry","category-noticias","category-noticias-destaque"],"_links":{"self":[{"href":"https:\/\/pos-graduacao.uepb.edu.br\/ppgss\/wp-json\/wp\/v2\/posts\/3092","targetHints":{"allow":["GET"]}}],"collection":[{"href":"https:\/\/pos-graduacao.uepb.edu.br\/ppgss\/wp-json\/wp\/v2\/posts"}],"about":[{"href":"https:\/\/pos-graduacao.uepb.edu.br\/ppgss\/wp-json\/wp\/v2\/types\/post"}],"author":[{"embeddable":true,"href":"https:\/\/pos-graduacao.uepb.edu.br\/ppgss\/wp-json\/wp\/v2\/users\/60"}],"replies":[{"embeddable":true,"href":"https:\/\/pos-graduacao.uepb.edu.br\/ppgss\/wp-json\/wp\/v2\/comments?post=3092"}],"version-history":[{"count":1,"href":"https:\/\/pos-graduacao.uepb.edu.br\/ppgss\/wp-json\/wp\/v2\/posts\/3092\/revisions"}],"predecessor-version":[{"id":3095,"href":"https:\/\/pos-graduacao.uepb.edu.br\/ppgss\/wp-json\/wp\/v2\/posts\/3092\/revisions\/3095"}],"wp:attachment":[{"href":"https:\/\/pos-graduacao.uepb.edu.br\/ppgss\/wp-json\/wp\/v2\/media?parent=3092"}],"wp:term":[{"taxonomy":"category","embeddable":true,"href":"https:\/\/pos-graduacao.uepb.edu.br\/ppgss\/wp-json\/wp\/v2\/categories?post=3092"},{"taxonomy":"post_tag","embeddable":true,"href":"https:\/\/pos-graduacao.uepb.edu.br\/ppgss\/wp-json\/wp\/v2\/tags?post=3092"}],"curies":[{"name":"wp","href":"https:\/\/api.w.org\/{rel}","templated":true}]}}