{"id":3078,"date":"2025-02-13T15:16:06","date_gmt":"2025-02-13T15:16:06","guid":{"rendered":"https:\/\/pos-graduacao.uepb.edu.br\/ppgss\/?p=3078"},"modified":"2025-02-13T15:16:06","modified_gmt":"2025-02-13T15:16:06","slug":"calendario-e-procedimentos-de-matricula-periodo-2025-1","status":"publish","type":"post","link":"https:\/\/pos-graduacao.uepb.edu.br\/ppgss\/calendario-e-procedimentos-de-matricula-periodo-2025-1\/","title":{"rendered":"Calend\u00e1rio e Procedimentos de matr\u00edcula &#8211; Per\u00edodo 2025.1"},"content":{"rendered":"<p>A Coordena\u00e7\u00e3o do Programa de P\u00f3s-Gradua\u00e7\u00e3o em Servi\u00e7o Social informa sobre os procedimentos de matr\u00edcula e divulga calend\u00e1rio inicial de atividades.<\/p>\n<p><a href=\"https:\/\/pos-graduacao.uepb.edu.br\/ppgss\/files\/2025\/02\/1.jpg\"><img loading=\"lazy\" decoding=\"async\" class=\"wp-image-3081 alignleft img-responsive\" src=\"https:\/\/pos-graduacao.uepb.edu.br\/ppgss\/files\/2025\/02\/1.jpg\" alt=\"\" width=\"535\" height=\"1338\" srcset=\"https:\/\/pos-graduacao.uepb.edu.br\/ppgss\/files\/2025\/02\/1.jpg 800w, https:\/\/pos-graduacao.uepb.edu.br\/ppgss\/files\/2025\/02\/1-120x300.jpg 120w, https:\/\/pos-graduacao.uepb.edu.br\/ppgss\/files\/2025\/02\/1-614x1536.jpg 614w, https:\/\/pos-graduacao.uepb.edu.br\/ppgss\/files\/2025\/02\/1-318x796.jpg 318w\" sizes=\"auto, (max-width: 535px) 100vw, 535px\" \/><\/a><a href=\"https:\/\/pos-graduacao.uepb.edu.br\/ppgss\/files\/2025\/02\/2-1.jpg\"><img loading=\"lazy\" decoding=\"async\" class=\"alignleft  wp-image-3083 img-responsive\" src=\"https:\/\/pos-graduacao.uepb.edu.br\/ppgss\/files\/2025\/02\/2-1.jpg\" alt=\"\" width=\"534\" height=\"1335\" srcset=\"https:\/\/pos-graduacao.uepb.edu.br\/ppgss\/files\/2025\/02\/2-1.jpg 800w, https:\/\/pos-graduacao.uepb.edu.br\/ppgss\/files\/2025\/02\/2-1-120x300.jpg 120w, https:\/\/pos-graduacao.uepb.edu.br\/ppgss\/files\/2025\/02\/2-1-614x1536.jpg 614w, https:\/\/pos-graduacao.uepb.edu.br\/ppgss\/files\/2025\/02\/2-1-318x796.jpg 318w\" sizes=\"auto, (max-width: 534px) 100vw, 534px\" \/><\/a><\/p>\n","protected":false},"excerpt":{"rendered":"<p>A Coordena\u00e7\u00e3o do Programa de P\u00f3s-Gradua\u00e7\u00e3o em Servi\u00e7o Social informa sobre os procedimentos de matr\u00edcula e divulga calend\u00e1rio inicial de atividades.<\/p>\n","protected":false},"author":60,"featured_media":0,"comment_status":"open","ping_status":"open","sticky":false,"template":"","format":"standard","meta":{"footnotes":""},"categories":[5,13],"tags":[],"class_list":["post-3078","post","type-post","status-publish","format-standard","hentry","category-noticias","category-noticias-destaque"],"_links":{"self":[{"href":"https:\/\/pos-graduacao.uepb.edu.br\/ppgss\/wp-json\/wp\/v2\/posts\/3078","targetHints":{"allow":["GET"]}}],"collection":[{"href":"https:\/\/pos-graduacao.uepb.edu.br\/ppgss\/wp-json\/wp\/v2\/posts"}],"about":[{"href":"https:\/\/pos-graduacao.uepb.edu.br\/ppgss\/wp-json\/wp\/v2\/types\/post"}],"author":[{"embeddable":true,"href":"https:\/\/pos-graduacao.uepb.edu.br\/ppgss\/wp-json\/wp\/v2\/users\/60"}],"replies":[{"embeddable":true,"href":"https:\/\/pos-graduacao.uepb.edu.br\/ppgss\/wp-json\/wp\/v2\/comments?post=3078"}],"version-history":[{"count":1,"href":"https:\/\/pos-graduacao.uepb.edu.br\/ppgss\/wp-json\/wp\/v2\/posts\/3078\/revisions"}],"predecessor-version":[{"id":3084,"href":"https:\/\/pos-graduacao.uepb.edu.br\/ppgss\/wp-json\/wp\/v2\/posts\/3078\/revisions\/3084"}],"wp:attachment":[{"href":"https:\/\/pos-graduacao.uepb.edu.br\/ppgss\/wp-json\/wp\/v2\/media?parent=3078"}],"wp:term":[{"taxonomy":"category","embeddable":true,"href":"https:\/\/pos-graduacao.uepb.edu.br\/ppgss\/wp-json\/wp\/v2\/categories?post=3078"},{"taxonomy":"post_tag","embeddable":true,"href":"https:\/\/pos-graduacao.uepb.edu.br\/ppgss\/wp-json\/wp\/v2\/tags?post=3078"}],"curies":[{"name":"wp","href":"https:\/\/api.w.org\/{rel}","templated":true}]}}