{"id":3013,"date":"2024-10-16T15:38:33","date_gmt":"2024-10-16T15:38:33","guid":{"rendered":"https:\/\/pos-graduacao.uepb.edu.br\/ppgss\/?p=3013"},"modified":"2024-10-16T15:38:33","modified_gmt":"2024-10-16T15:38:33","slug":"webnario-internacional","status":"publish","type":"post","link":"https:\/\/pos-graduacao.uepb.edu.br\/ppgss\/webnario-internacional\/","title":{"rendered":"Webn\u00e1rio Internacional"},"content":{"rendered":"<p>No pr\u00f3ximo dia<strong> 22 de outubro<\/strong>, a partir das <strong>19h00<\/strong>, o PPGSS\/UEPB realizar\u00e1 o Webn\u00e1rio Internacional com a tem\u00e1tica &#8220;<em>Neoliberalismo y formas de resistencia en Am\u00e9rica Latina<\/em>&#8220;. O webn\u00e1rio tem como convidado o Doutor em Ci\u00eancias Sociais e Graduado em Pol\u00edtica pela Universidade de Buenos Aires (UBA), professor da Faculdade de Ci\u00eancias Sociais da UBA e pesquisador do Instituto de Estudos Latino-Americanos e Caribenhos da mesma institui\u00e7\u00e3o, <strong>Hern\u00e1n Ouvi\u00f1a<\/strong> e ter\u00e1 a media\u00e7\u00e3o do Professor P\u00f3s-Doutorando no PPGSS\/UEPB, Nivalter Aires.<\/p>\n<p>A atividade ser\u00e1 transmitida atrav\u00e9s do Canal <strong>Rede UEPB<\/strong>, no Youtube.<\/p>\n<p><a href=\"https:\/\/pos-graduacao.uepb.edu.br\/ppgss\/files\/2024\/10\/PHOTO-2024-10-15-16-48-36.jpg\"><img loading=\"lazy\" decoding=\"async\" class=\"alignleft size-full wp-image-3015 img-responsive\" src=\"https:\/\/pos-graduacao.uepb.edu.br\/ppgss\/files\/2024\/10\/PHOTO-2024-10-15-16-48-36.jpg\" alt=\"\" width=\"1080\" height=\"1080\" srcset=\"https:\/\/pos-graduacao.uepb.edu.br\/ppgss\/files\/2024\/10\/PHOTO-2024-10-15-16-48-36.jpg 1080w, https:\/\/pos-graduacao.uepb.edu.br\/ppgss\/files\/2024\/10\/PHOTO-2024-10-15-16-48-36-300x300.jpg 300w, https:\/\/pos-graduacao.uepb.edu.br\/ppgss\/files\/2024\/10\/PHOTO-2024-10-15-16-48-36-796x796.jpg 796w\" sizes=\"auto, (max-width: 1080px) 100vw, 1080px\" \/><\/a><\/p>\n","protected":false},"excerpt":{"rendered":"<p>No pr\u00f3ximo dia 22 de outubro, a partir das 19h00, o PPGSS\/UEPB realizar\u00e1 o Webn\u00e1rio Internacional com a tem\u00e1tica &#8220;Neoliberalismo y formas de resistencia en Am\u00e9rica Latina&#8220;. O webn\u00e1rio tem como convidado o Doutor em Ci\u00eancias Sociais e Graduado em Pol\u00edtica pela Universidade de Buenos Aires (UBA), professor da Faculdade de Ci\u00eancias Sociais da UBA <a class=\"leiamais\" href=\"https:\/\/pos-graduacao.uepb.edu.br\/ppgss\/webnario-internacional\/\">Leia Mais&#8230;<\/a><\/p>\n","protected":false},"author":60,"featured_media":0,"comment_status":"open","ping_status":"open","sticky":false,"template":"","format":"standard","meta":{"footnotes":""},"categories":[5,13],"tags":[],"class_list":["post-3013","post","type-post","status-publish","format-standard","hentry","category-noticias","category-noticias-destaque"],"_links":{"self":[{"href":"https:\/\/pos-graduacao.uepb.edu.br\/ppgss\/wp-json\/wp\/v2\/posts\/3013","targetHints":{"allow":["GET"]}}],"collection":[{"href":"https:\/\/pos-graduacao.uepb.edu.br\/ppgss\/wp-json\/wp\/v2\/posts"}],"about":[{"href":"https:\/\/pos-graduacao.uepb.edu.br\/ppgss\/wp-json\/wp\/v2\/types\/post"}],"author":[{"embeddable":true,"href":"https:\/\/pos-graduacao.uepb.edu.br\/ppgss\/wp-json\/wp\/v2\/users\/60"}],"replies":[{"embeddable":true,"href":"https:\/\/pos-graduacao.uepb.edu.br\/ppgss\/wp-json\/wp\/v2\/comments?post=3013"}],"version-history":[{"count":1,"href":"https:\/\/pos-graduacao.uepb.edu.br\/ppgss\/wp-json\/wp\/v2\/posts\/3013\/revisions"}],"predecessor-version":[{"id":3016,"href":"https:\/\/pos-graduacao.uepb.edu.br\/ppgss\/wp-json\/wp\/v2\/posts\/3013\/revisions\/3016"}],"wp:attachment":[{"href":"https:\/\/pos-graduacao.uepb.edu.br\/ppgss\/wp-json\/wp\/v2\/media?parent=3013"}],"wp:term":[{"taxonomy":"category","embeddable":true,"href":"https:\/\/pos-graduacao.uepb.edu.br\/ppgss\/wp-json\/wp\/v2\/categories?post=3013"},{"taxonomy":"post_tag","embeddable":true,"href":"https:\/\/pos-graduacao.uepb.edu.br\/ppgss\/wp-json\/wp\/v2\/tags?post=3013"}],"curies":[{"name":"wp","href":"https:\/\/api.w.org\/{rel}","templated":true}]}}